{"id":11310,"date":"2016-08-30T08:51:46","date_gmt":"2016-08-30T11:51:46","guid":{"rendered":"http:\/\/www.citytourliterario.com\/?p=11310"},"modified":"2016-10-06T18:19:51","modified_gmt":"2016-10-06T21:19:51","slug":"plaza-de-mayo-2","status":"publish","type":"post","link":"https:\/\/citytourliterario.com\/?p=11310","title":{"rendered":"Plaza de Mayo"},"content":{"rendered":"<p>El antiperonismo de Borges es, m\u00e1s que una posici\u00f3n ideol\u00f3gica, un rasgo constitutivo de su car\u00e1cter. \u201cEn 1946, un presidente de cuyo nombre no quiero acordarme lleg\u00f3 al poder. Poco despu\u00e9s fui honrado con la noticia de que me hab\u00edan \u2018promovido\u2019 de la biblioteca al puesto de inspector de aves y conejos en las plazas del mercado\u201d. \u00bfExisti\u00f3 ese nombramiento humillante o se trat\u00f3, acaso, de una provocaci\u00f3n? Lo cierto es que Borges renunci\u00f3 a su cargo en la Biblioteca Miguel Can\u00e9 y subsisti\u00f3 dictando conferencias hasta que fue nombrado director de la Biblioteca Nacional por la Revoluci\u00f3n Libertadora. El peronismo fue, para \u00e9l, \u201cuna \u00e9poca irreal\u201d tal como se\u00f1ala en \u201cEl simulacro\u201d donde sindica a Per\u00f3n y a Eva como los que \u201cfiguraron, para el cr\u00e9dulo amor de los arrabales, una crasa mitolog\u00eda\u201d. Unos a\u00f1os antes, en \u201cLa fiesta del Monstruo\u201d, Borges y Bioy hab\u00edan relatado el viaje de un grupo de militantes que parten desde Tolosa (La Plata) y pasan por Quilmes, Wilde y Avellaneda hasta llegar a Plaza de Mayo \u2013la plaza del 17 de octubre, la plaza de las patas en la fuente\u2013 para escuchar la palabra del Monstruo. En el camino, asesinan a un jud\u00edo por puro gusto: en el lenguaje del narrador, la escena despliega el arsenal salvaje de <em>la violencia peronista<\/em>: \u201cFue desopilante; el jude se puso de rodillas y mir\u00f3 al cielo y rez\u00f3 como ausente en su media lengua. Cuando sonaron las campanas de Montserrat se cay\u00f3, porque estaba muerto. Nosotros nos desfogamos un rato m\u00e1s, con pedradas que ya no le dol\u00edan. Te lo juro, Nelly, pusimos el cad\u00e1ver hecho una l\u00e1stima\u201d. Es que, para Borges, el problema con los peronistas es que \u201cno son ni buenos ni malos; son incorregibles\u201d.<\/p>\n","protected":false},"excerpt":{"rendered":"<p>El antiperonismo de Borges es, m\u00e1s que una posici\u00f3n ideol\u00f3gica, un rasgo constitutivo de su car\u00e1cter. \u201cEn 1946, un presidente de cuyo nombre no quiero acordarme lleg\u00f3 al poder. Poco despu\u00e9s fui honrado con la noticia de que me hab\u00edan \u2018promovido\u2019 de la biblioteca al puesto de inspector de aves y conejos en las plazas [&hellip;]<\/p>\n","protected":false},"author":10,"featured_media":0,"comment_status":"closed","ping_status":"closed","sticky":false,"template":"","format":"standard","meta":{"_acf_changed":false,"footnotes":""},"categories":[124],"tags":[],"class_list":["post-11310","post","type-post","status-publish","format-standard","hentry","category-jorge-luis-borges"],"acf":[],"_links":{"self":[{"href":"https:\/\/citytourliterario.com\/index.php?rest_route=\/wp\/v2\/posts\/11310","targetHints":{"allow":["GET"]}}],"collection":[{"href":"https:\/\/citytourliterario.com\/index.php?rest_route=\/wp\/v2\/posts"}],"about":[{"href":"https:\/\/citytourliterario.com\/index.php?rest_route=\/wp\/v2\/types\/post"}],"author":[{"embeddable":true,"href":"https:\/\/citytourliterario.com\/index.php?rest_route=\/wp\/v2\/users\/10"}],"replies":[{"embeddable":true,"href":"https:\/\/citytourliterario.com\/index.php?rest_route=%2Fwp%2Fv2%2Fcomments&post=11310"}],"version-history":[{"count":0,"href":"https:\/\/citytourliterario.com\/index.php?rest_route=\/wp\/v2\/posts\/11310\/revisions"}],"wp:attachment":[{"href":"https:\/\/citytourliterario.com\/index.php?rest_route=%2Fwp%2Fv2%2Fmedia&parent=11310"}],"wp:term":[{"taxonomy":"category","embeddable":true,"href":"https:\/\/citytourliterario.com\/index.php?rest_route=%2Fwp%2Fv2%2Fcategories&post=11310"},{"taxonomy":"post_tag","embeddable":true,"href":"https:\/\/citytourliterario.com\/index.php?rest_route=%2Fwp%2Fv2%2Ftags&post=11310"}],"curies":[{"name":"wp","href":"https:\/\/api.w.org\/{rel}","templated":true}]}}