{"id":11378,"date":"2016-10-06T19:19:05","date_gmt":"2016-10-06T22:19:05","guid":{"rendered":"http:\/\/www.citytourliterario.com\/?p=11378"},"modified":"2016-10-06T19:19:05","modified_gmt":"2016-10-06T22:19:05","slug":"escuela-de-bellas-artes-manuel-belgrano","status":"publish","type":"post","link":"https:\/\/citytourliterario.com\/?p=11378","title":{"rendered":"Escuela de Bellas Artes Manuel Belgrano"},"content":{"rendered":"<p>En esta escuela media especializada en artes pl\u00e1sticas estudi\u00f3 Mar\u00eda Elena Walsh, en el turno tarde previsto para las se\u00f1oritas, desde los once hasta los diecisiete a\u00f1os, abandon\u00e1ndola apenas antes de obtener el t\u00edtulo debido al viaje que hizo a los Estados Unidos invitada por Juan Ram\u00f3n Jim\u00e9nez. La escuela estaba situada en ese entonces en un palacete que se dec\u00eda hab\u00eda sido de la familia Lanusse, ya demolido y reemplazado por el edificio que ocupa la Canciller\u00eda de la Embajada de Brasil. Hab\u00eda sido fundada en 1799 como Escuela de Geometr\u00eda, Arquitectura, Perspectiva y Dibujo por Manuel Belgrano, y en 1937 recibi\u00f3 el nombre de Escuela Nacional de Bellas Artes Pl\u00e1sticas Preparatoria Primer Ciclo Manuel Belgrano. Seg\u00fan su propio balance, all\u00ed Mar\u00eda Elena Walsh aprendi\u00f3 poco pero absorbi\u00f3 mucho, al estar inmersa en un medio donde lo est\u00e9tico era m\u00e1s importante que lo escolar. Tambi\u00e9n se estren\u00f3 como poeta sat\u00edrica en largas tiradas de versos donde se burlaba de los profesores, se interes\u00f3 por la pol\u00edtica antin\u00f3mica de la \u00e9poca y conoci\u00f3 a Elba F\u00e1bregas, una compa\u00f1era mucho mayor que ella que la ayud\u00f3 a publicar sus primeros poemas.<\/p>\n","protected":false},"excerpt":{"rendered":"<p>En esta escuela media especializada en artes pl\u00e1sticas estudi\u00f3 Mar\u00eda Elena Walsh, en el turno tarde previsto para las se\u00f1oritas, desde los once hasta los diecisiete a\u00f1os, abandon\u00e1ndola apenas antes de obtener el t\u00edtulo debido al viaje que hizo a los Estados Unidos invitada por Juan Ram\u00f3n Jim\u00e9nez. La escuela estaba situada en ese entonces [&hellip;]<\/p>\n","protected":false},"author":8,"featured_media":0,"comment_status":"closed","ping_status":"closed","sticky":false,"template":"","format":"standard","meta":{"_acf_changed":false,"footnotes":""},"categories":[122],"tags":[],"class_list":["post-11378","post","type-post","status-publish","format-standard","hentry","category-walsh"],"acf":[],"_links":{"self":[{"href":"https:\/\/citytourliterario.com\/index.php?rest_route=\/wp\/v2\/posts\/11378","targetHints":{"allow":["GET"]}}],"collection":[{"href":"https:\/\/citytourliterario.com\/index.php?rest_route=\/wp\/v2\/posts"}],"about":[{"href":"https:\/\/citytourliterario.com\/index.php?rest_route=\/wp\/v2\/types\/post"}],"author":[{"embeddable":true,"href":"https:\/\/citytourliterario.com\/index.php?rest_route=\/wp\/v2\/users\/8"}],"replies":[{"embeddable":true,"href":"https:\/\/citytourliterario.com\/index.php?rest_route=%2Fwp%2Fv2%2Fcomments&post=11378"}],"version-history":[{"count":0,"href":"https:\/\/citytourliterario.com\/index.php?rest_route=\/wp\/v2\/posts\/11378\/revisions"}],"wp:attachment":[{"href":"https:\/\/citytourliterario.com\/index.php?rest_route=%2Fwp%2Fv2%2Fmedia&parent=11378"}],"wp:term":[{"taxonomy":"category","embeddable":true,"href":"https:\/\/citytourliterario.com\/index.php?rest_route=%2Fwp%2Fv2%2Fcategories&post=11378"},{"taxonomy":"post_tag","embeddable":true,"href":"https:\/\/citytourliterario.com\/index.php?rest_route=%2Fwp%2Fv2%2Ftags&post=11378"}],"curies":[{"name":"wp","href":"https:\/\/api.w.org\/{rel}","templated":true}]}}