{"id":11383,"date":"2016-10-06T19:20:33","date_gmt":"2016-10-06T22:20:33","guid":{"rendered":"http:\/\/www.citytourliterario.com\/?p=11383"},"modified":"2016-10-06T19:20:33","modified_gmt":"2016-10-06T22:20:33","slug":"la-perla-del-once","status":"publish","type":"post","link":"https:\/\/citytourliterario.com\/?p=11383","title":{"rendered":"La Perla del Once"},"content":{"rendered":"<p>La imagen actual de este tradicional caf\u00e9 de Buenos Aires es muy diferente de aquella que ten\u00eda cuando lo frecuentaba Mar\u00eda Elena Walsh, en la d\u00e9cada del 40, junto a sus amigos de adolescencia. La estaci\u00f3n Once, frente a la Plaza Miserere, a una cuadra de La Perla, era la terminal donde ella bajaba diariamente del tren que la tra\u00eda de Ramos Mej\u00eda, su pueblo natal y en el que vivi\u00f3 su infancia y adolescencia. All\u00ed la esperaba a veces Hugo Lezama, uno de sus amigos, con un ramo de flores. \u00c9l, Javier Fern\u00e1ndez, Mario Trejo, Horacio Armani y Carmen C\u00f3rdova conformaban el coraz\u00f3n de esa \u201cbarra de juvenilia\u201d a la que alude la canci\u00f3n \u201cOrquesta de se\u00f1oritas\u201d: \u201cEn sus m\u00e1rmoles y sus bronces\/ parec\u00eda la Chacarita\/ aquel viejo caf\u00e9 del Once\/ con orquesta de se\u00f1oritas.\/\/ All\u00e1 \u00edbamos muchas tardes\/ una barra de juvenilia\/ a escucharlas desde el oscuro\/ reservado para familias\u201d. La Perla fue tambi\u00e9n el caf\u00e9 que eligi\u00f3 Mar\u00eda Elena Walsh para citar a una chica que le hab\u00eda escrito dici\u00e9ndole cu\u00e1nto le hab\u00edan gustado los poemas de Oto\u00f1o imperdonable, su primer libro, publicado en 1947. La admiradora era Carmen C\u00f3rdova, y ese encuentro en La Perla fue el comienzo de una intensa amistad juvenil.<\/p>\n","protected":false},"excerpt":{"rendered":"<p>La imagen actual de este tradicional caf\u00e9 de Buenos Aires es muy diferente de aquella que ten\u00eda cuando lo frecuentaba Mar\u00eda Elena Walsh, en la d\u00e9cada del 40, junto a sus amigos de adolescencia. La estaci\u00f3n Once, frente a la Plaza Miserere, a una cuadra de La Perla, era la terminal donde ella bajaba diariamente [&hellip;]<\/p>\n","protected":false},"author":8,"featured_media":0,"comment_status":"closed","ping_status":"closed","sticky":false,"template":"","format":"standard","meta":{"_acf_changed":false,"footnotes":""},"categories":[122],"tags":[],"class_list":["post-11383","post","type-post","status-publish","format-standard","hentry","category-walsh"],"acf":[],"_links":{"self":[{"href":"https:\/\/citytourliterario.com\/index.php?rest_route=\/wp\/v2\/posts\/11383","targetHints":{"allow":["GET"]}}],"collection":[{"href":"https:\/\/citytourliterario.com\/index.php?rest_route=\/wp\/v2\/posts"}],"about":[{"href":"https:\/\/citytourliterario.com\/index.php?rest_route=\/wp\/v2\/types\/post"}],"author":[{"embeddable":true,"href":"https:\/\/citytourliterario.com\/index.php?rest_route=\/wp\/v2\/users\/8"}],"replies":[{"embeddable":true,"href":"https:\/\/citytourliterario.com\/index.php?rest_route=%2Fwp%2Fv2%2Fcomments&post=11383"}],"version-history":[{"count":0,"href":"https:\/\/citytourliterario.com\/index.php?rest_route=\/wp\/v2\/posts\/11383\/revisions"}],"wp:attachment":[{"href":"https:\/\/citytourliterario.com\/index.php?rest_route=%2Fwp%2Fv2%2Fmedia&parent=11383"}],"wp:term":[{"taxonomy":"category","embeddable":true,"href":"https:\/\/citytourliterario.com\/index.php?rest_route=%2Fwp%2Fv2%2Fcategories&post=11383"},{"taxonomy":"post_tag","embeddable":true,"href":"https:\/\/citytourliterario.com\/index.php?rest_route=%2Fwp%2Fv2%2Ftags&post=11383"}],"curies":[{"name":"wp","href":"https:\/\/api.w.org\/{rel}","templated":true}]}}