{"id":11403,"date":"2016-10-06T19:30:14","date_gmt":"2016-10-06T22:30:14","guid":{"rendered":"http:\/\/www.citytourliterario.com\/?p=11403"},"modified":"2016-10-06T19:30:14","modified_gmt":"2016-10-06T22:30:14","slug":"plaza-de-mayo-3","status":"publish","type":"post","link":"https:\/\/citytourliterario.com\/?p=11403","title":{"rendered":"Plaza de Mayo"},"content":{"rendered":"<p>Maria Elena Walsh fue adem\u00e1s una artista cr\u00edtica y comprometida, alguien a quien las realidades y los destinos del pa\u00eds le importaron y la conmovieron desde que era una adolescente que se opon\u00eda a la pol\u00edtica cultural del peronismo. As\u00ed como combati\u00f3 siempre con sus manifiestos, canciones y opiniones toda forma de censura, autoritarismo, violencia y coartamiento de las libertades. La Plaza de Mayo, como centro geogr\u00e1fico de la pol\u00edtica argentina, no falt\u00f3 en su cancionero, y a este lugar principal de reuni\u00f3n ciudadana le dedic\u00f3 su \u201cPalomas de la ciudad\u201d: \u201cPalomitas sin palomar,\/ la Plaza de Mayo no es buen lugar,\/ porque nunca se sabe cu\u00e1ndo\/ va a desbandarlas el temporal.\/ El Palacio Color de Rosa\/ cambia de humor como el mar\u201d. En el interior de la Casa Rosada, en el Sal\u00f3n de los Pensadores y Escritores Argentinos del Bicentenario, ubicado en el segundo piso del Palacio, figura un retrato de Mar\u00eda Elena Walsh junto a los de Mariano Moreno, Juan Bautista Alberdi, Domingo Faustino Sarmiento, Jorge Luis Borges, Julio Cort\u00e1zar y otras importantes figuras que forman parte del patrimonio hist\u00f3rico, cultural y pol\u00edtico de los argentinos.<\/p>\n","protected":false},"excerpt":{"rendered":"<p>Maria Elena Walsh fue adem\u00e1s una artista cr\u00edtica y comprometida, alguien a quien las realidades y los destinos del pa\u00eds le importaron y la conmovieron desde que era una adolescente que se opon\u00eda a la pol\u00edtica cultural del peronismo. As\u00ed como combati\u00f3 siempre con sus manifiestos, canciones y opiniones toda forma de censura, autoritarismo, violencia [&hellip;]<\/p>\n","protected":false},"author":8,"featured_media":0,"comment_status":"closed","ping_status":"closed","sticky":false,"template":"","format":"standard","meta":{"_acf_changed":false,"footnotes":""},"categories":[122],"tags":[],"class_list":["post-11403","post","type-post","status-publish","format-standard","hentry","category-walsh"],"acf":[],"_links":{"self":[{"href":"https:\/\/citytourliterario.com\/index.php?rest_route=\/wp\/v2\/posts\/11403","targetHints":{"allow":["GET"]}}],"collection":[{"href":"https:\/\/citytourliterario.com\/index.php?rest_route=\/wp\/v2\/posts"}],"about":[{"href":"https:\/\/citytourliterario.com\/index.php?rest_route=\/wp\/v2\/types\/post"}],"author":[{"embeddable":true,"href":"https:\/\/citytourliterario.com\/index.php?rest_route=\/wp\/v2\/users\/8"}],"replies":[{"embeddable":true,"href":"https:\/\/citytourliterario.com\/index.php?rest_route=%2Fwp%2Fv2%2Fcomments&post=11403"}],"version-history":[{"count":0,"href":"https:\/\/citytourliterario.com\/index.php?rest_route=\/wp\/v2\/posts\/11403\/revisions"}],"wp:attachment":[{"href":"https:\/\/citytourliterario.com\/index.php?rest_route=%2Fwp%2Fv2%2Fmedia&parent=11403"}],"wp:term":[{"taxonomy":"category","embeddable":true,"href":"https:\/\/citytourliterario.com\/index.php?rest_route=%2Fwp%2Fv2%2Fcategories&post=11403"},{"taxonomy":"post_tag","embeddable":true,"href":"https:\/\/citytourliterario.com\/index.php?rest_route=%2Fwp%2Fv2%2Ftags&post=11403"}],"curies":[{"name":"wp","href":"https:\/\/api.w.org\/{rel}","templated":true}]}}