{"id":11407,"date":"2016-10-06T19:35:32","date_gmt":"2016-10-06T22:35:32","guid":{"rendered":"http:\/\/www.citytourliterario.com\/?p=11407"},"modified":"2016-10-06T19:35:32","modified_gmt":"2016-10-06T22:35:32","slug":"plaza-de-los-dos-congresos","status":"publish","type":"post","link":"https:\/\/citytourliterario.com\/?p=11407","title":{"rendered":"Plaza de los Dos Congresos"},"content":{"rendered":"<p>Este sitio fundamental de la vida pol\u00edtica de los argentinos marca el \u00fanico golpe que sufri\u00f3 la popularidad de Mar\u00eda Elena Walsh. El 2 de abril de 1997, durante la segunda presidencia de Carlos Menem, el sindicato docente CTERA instal\u00f3 una carpa frente al Congreso de la Naci\u00f3n para reclamar un aumento en los fondos destinados a la educaci\u00f3n. La protesta se extendi\u00f3 en el tiempo debido a la falta de respuesta del gobierno, concitando la adhesi\u00f3n de muchos sectores, personalidades, alumnado y gente an\u00f3nima. Luego de muchos meses, hacia fin de a\u00f1o, Mar\u00eda Elena Walsh public\u00f3 una carta abierta a los maestros, donde criticaba la prolongaci\u00f3n indefinida de la protesta y la transformaci\u00f3n de la carpa en un escenario medi\u00e1tico. Sus palabras desilusionaron y ofendieron a muchos maestros, que no comprend\u00edan c\u00f3mo pod\u00edan provenir de la autora de las canciones con las que conviv\u00edan a diario (y que tanto hab\u00edan contribuido a difundir), de quien los hab\u00eda homenajeado con los versos de \u201cCampana de palo\u201d: \u201cSoy la maestra argentina,\/ segunda madre y obrera.\/ Mis ni\u00f1os andan descalzos,\/ mi escuela es una tapera. (&#8230;) Soy la que ense\u00f1a a sus hijos\/ a venerar la bandera\/ de este pa\u00eds generoso\/ del coraz\u00f3n para afuera\u201d.<\/p>\n","protected":false},"excerpt":{"rendered":"<p>Este sitio fundamental de la vida pol\u00edtica de los argentinos marca el \u00fanico golpe que sufri\u00f3 la popularidad de Mar\u00eda Elena Walsh. El 2 de abril de 1997, durante la segunda presidencia de Carlos Menem, el sindicato docente CTERA instal\u00f3 una carpa frente al Congreso de la Naci\u00f3n para reclamar un aumento en los fondos [&hellip;]<\/p>\n","protected":false},"author":8,"featured_media":0,"comment_status":"closed","ping_status":"closed","sticky":false,"template":"","format":"standard","meta":{"_acf_changed":false,"footnotes":""},"categories":[122],"tags":[],"class_list":["post-11407","post","type-post","status-publish","format-standard","hentry","category-walsh"],"acf":[],"_links":{"self":[{"href":"https:\/\/citytourliterario.com\/index.php?rest_route=\/wp\/v2\/posts\/11407","targetHints":{"allow":["GET"]}}],"collection":[{"href":"https:\/\/citytourliterario.com\/index.php?rest_route=\/wp\/v2\/posts"}],"about":[{"href":"https:\/\/citytourliterario.com\/index.php?rest_route=\/wp\/v2\/types\/post"}],"author":[{"embeddable":true,"href":"https:\/\/citytourliterario.com\/index.php?rest_route=\/wp\/v2\/users\/8"}],"replies":[{"embeddable":true,"href":"https:\/\/citytourliterario.com\/index.php?rest_route=%2Fwp%2Fv2%2Fcomments&post=11407"}],"version-history":[{"count":0,"href":"https:\/\/citytourliterario.com\/index.php?rest_route=\/wp\/v2\/posts\/11407\/revisions"}],"wp:attachment":[{"href":"https:\/\/citytourliterario.com\/index.php?rest_route=%2Fwp%2Fv2%2Fmedia&parent=11407"}],"wp:term":[{"taxonomy":"category","embeddable":true,"href":"https:\/\/citytourliterario.com\/index.php?rest_route=%2Fwp%2Fv2%2Fcategories&post=11407"},{"taxonomy":"post_tag","embeddable":true,"href":"https:\/\/citytourliterario.com\/index.php?rest_route=%2Fwp%2Fv2%2Ftags&post=11407"}],"curies":[{"name":"wp","href":"https:\/\/api.w.org\/{rel}","templated":true}]}}