{"id":11412,"date":"2016-10-06T20:14:42","date_gmt":"2016-10-06T23:14:42","guid":{"rendered":"http:\/\/www.citytourliterario.com\/?p=11412"},"modified":"2016-10-06T20:14:42","modified_gmt":"2016-10-06T23:14:42","slug":"sociedad-argentina-de-autores-y-compositores-de-musica","status":"publish","type":"post","link":"https:\/\/citytourliterario.com\/?p=11412","title":{"rendered":"Sociedad Argentina de Autores y Compositores de M\u00fasica"},"content":{"rendered":"<p>Como toda cantautora, Mar\u00eda Elena Walsh se asoci\u00f3 a Sadaic, la entidad dedicada a proteger a los m\u00fasicos y recaudar sus regal\u00edas. Pero, adem\u00e1s, trabaj\u00f3 formalmente para la instituci\u00f3n en m\u00e1s de una oportunidad, llegando a formar parte del directorio. Se hizo cargo de las actividades culturales, mejorando las \u00e1reas de biblioteca, museo, copister\u00eda, recitales y escuela. En el despacho que ocupaba, ubicado en el segundo piso, se conserva la placa identificatoria con su nombre y un retrato que la recuerda. All\u00ed, en el \u00e1mbito que Mar\u00eda Elena Walsh sent\u00eda que le correspond\u00eda por encima de cualquier otro, fue velada entre el 10 y el 11 de enero de 2011. Innumerables personas pasaron a despedirse, desde la Presidenta de la Naci\u00f3n, Cristina Fern\u00e1ndez, a gente com\u00fan a quien sus canciones hab\u00edan acompa\u00f1ado desde la infancia, en un desfile incesante de personalidades, amigos, colegas, seres que hab\u00edan recibido su ayuda generosa. Cuando su ata\u00fad sal\u00eda para el cementerio, la gente ocupaba la vereda y la calzada para decir adi\u00f3s a la artista m\u00e1s propia, m\u00e1s genuina y popular.<\/p>\n","protected":false},"excerpt":{"rendered":"<p>Como toda cantautora, Mar\u00eda Elena Walsh se asoci\u00f3 a Sadaic, la entidad dedicada a proteger a los m\u00fasicos y recaudar sus regal\u00edas. Pero, adem\u00e1s, trabaj\u00f3 formalmente para la instituci\u00f3n en m\u00e1s de una oportunidad, llegando a formar parte del directorio. Se hizo cargo de las actividades culturales, mejorando las \u00e1reas de biblioteca, museo, copister\u00eda, recitales [&hellip;]<\/p>\n","protected":false},"author":8,"featured_media":0,"comment_status":"closed","ping_status":"closed","sticky":false,"template":"","format":"standard","meta":{"_acf_changed":false,"footnotes":""},"categories":[122],"tags":[],"class_list":["post-11412","post","type-post","status-publish","format-standard","hentry","category-walsh"],"acf":[],"_links":{"self":[{"href":"https:\/\/citytourliterario.com\/index.php?rest_route=\/wp\/v2\/posts\/11412","targetHints":{"allow":["GET"]}}],"collection":[{"href":"https:\/\/citytourliterario.com\/index.php?rest_route=\/wp\/v2\/posts"}],"about":[{"href":"https:\/\/citytourliterario.com\/index.php?rest_route=\/wp\/v2\/types\/post"}],"author":[{"embeddable":true,"href":"https:\/\/citytourliterario.com\/index.php?rest_route=\/wp\/v2\/users\/8"}],"replies":[{"embeddable":true,"href":"https:\/\/citytourliterario.com\/index.php?rest_route=%2Fwp%2Fv2%2Fcomments&post=11412"}],"version-history":[{"count":0,"href":"https:\/\/citytourliterario.com\/index.php?rest_route=\/wp\/v2\/posts\/11412\/revisions"}],"wp:attachment":[{"href":"https:\/\/citytourliterario.com\/index.php?rest_route=%2Fwp%2Fv2%2Fmedia&parent=11412"}],"wp:term":[{"taxonomy":"category","embeddable":true,"href":"https:\/\/citytourliterario.com\/index.php?rest_route=%2Fwp%2Fv2%2Fcategories&post=11412"},{"taxonomy":"post_tag","embeddable":true,"href":"https:\/\/citytourliterario.com\/index.php?rest_route=%2Fwp%2Fv2%2Ftags&post=11412"}],"curies":[{"name":"wp","href":"https:\/\/api.w.org\/{rel}","templated":true}]}}