{"id":11414,"date":"2016-10-06T20:15:22","date_gmt":"2016-10-06T23:15:22","guid":{"rendered":"http:\/\/www.citytourliterario.com\/?p=11414"},"modified":"2016-10-06T20:15:22","modified_gmt":"2016-10-06T23:15:22","slug":"cementerio-de-la-chacarita-panteon-de-sadaic","status":"publish","type":"post","link":"https:\/\/citytourliterario.com\/?p=11414","title":{"rendered":"Cementerio de la Chacarita. Pante\u00f3n de SADAIC"},"content":{"rendered":"<p>Mar\u00eda Elena Walsh muri\u00f3 el lunes 10 de enero de 2011, por la ma\u00f1ana, en el sanatorio de La Trinidad, por complicaciones provocadas por una osteoporosis muy severa que le ocasion\u00f3 diversas fracturas e intensos dolores durante los \u00faltimos a\u00f1os de su vida. Luego de ser velada en SADAIC, su cuerpo fue llevado al d\u00eda siguiente al mediod\u00eda al cementerio de La Chacarita y, luego de un responso, depositado en el pante\u00f3n de la instituci\u00f3n. Acompa\u00f1ado por familiares, amigos, colegas y mucha gente an\u00f3nima que enton\u00f3 algunas de sus canciones, su ata\u00fad iba tapado, como fue su voluntad, \u201cpor una manta tejida\/ por mis paisanas\u201d, como dicen los versos de \u201cLa paciencia, pobrecita\u201d: \u201cT\u00e1penme cuando me muera\/ con una manta tejida\/ por mis paisanas.\/ No se acaben todav\u00eda,\/ angelitas de las guardas,\/ ay, madres m\u00edas\u201d.<\/p>\n","protected":false},"excerpt":{"rendered":"<p>Mar\u00eda Elena Walsh muri\u00f3 el lunes 10 de enero de 2011, por la ma\u00f1ana, en el sanatorio de La Trinidad, por complicaciones provocadas por una osteoporosis muy severa que le ocasion\u00f3 diversas fracturas e intensos dolores durante los \u00faltimos a\u00f1os de su vida. Luego de ser velada en SADAIC, su cuerpo fue llevado al d\u00eda [&hellip;]<\/p>\n","protected":false},"author":8,"featured_media":0,"comment_status":"closed","ping_status":"closed","sticky":false,"template":"","format":"standard","meta":{"_acf_changed":false,"footnotes":""},"categories":[122],"tags":[],"class_list":["post-11414","post","type-post","status-publish","format-standard","hentry","category-walsh"],"acf":[],"_links":{"self":[{"href":"https:\/\/citytourliterario.com\/index.php?rest_route=\/wp\/v2\/posts\/11414","targetHints":{"allow":["GET"]}}],"collection":[{"href":"https:\/\/citytourliterario.com\/index.php?rest_route=\/wp\/v2\/posts"}],"about":[{"href":"https:\/\/citytourliterario.com\/index.php?rest_route=\/wp\/v2\/types\/post"}],"author":[{"embeddable":true,"href":"https:\/\/citytourliterario.com\/index.php?rest_route=\/wp\/v2\/users\/8"}],"replies":[{"embeddable":true,"href":"https:\/\/citytourliterario.com\/index.php?rest_route=%2Fwp%2Fv2%2Fcomments&post=11414"}],"version-history":[{"count":0,"href":"https:\/\/citytourliterario.com\/index.php?rest_route=\/wp\/v2\/posts\/11414\/revisions"}],"wp:attachment":[{"href":"https:\/\/citytourliterario.com\/index.php?rest_route=%2Fwp%2Fv2%2Fmedia&parent=11414"}],"wp:term":[{"taxonomy":"category","embeddable":true,"href":"https:\/\/citytourliterario.com\/index.php?rest_route=%2Fwp%2Fv2%2Fcategories&post=11414"},{"taxonomy":"post_tag","embeddable":true,"href":"https:\/\/citytourliterario.com\/index.php?rest_route=%2Fwp%2Fv2%2Ftags&post=11414"}],"curies":[{"name":"wp","href":"https:\/\/api.w.org\/{rel}","templated":true}]}}