{"id":11420,"date":"2016-10-06T20:17:56","date_gmt":"2016-10-06T23:17:56","guid":{"rendered":"http:\/\/www.citytourliterario.com\/?p=11420"},"modified":"2016-10-06T20:17:56","modified_gmt":"2016-10-06T23:17:56","slug":"mendez-de-andes-2138","status":"publish","type":"post","link":"https:\/\/citytourliterario.com\/?p=11420","title":{"rendered":"M\u00e9ndez de Andes 2138"},"content":{"rendered":"<p>En M\u00e9ndez de Andes 2138 transcurrieron la infancia y adolescencia de Roberto Arlt. All\u00ed se mud\u00f3, hacia 1901 o quiz\u00e1 1902, el matrimonio Arlt con su peque\u00f1o hijo; en 1903 naci\u00f3 Luisa, a quien llamar\u00e1n Lila, y que muere joven, en 1936. Era una t\u00edpica vivienda de barrio, con sala de ventanas que miraban al jard\u00edn del frente, habitaciones corridas que daban a un patio emparrado y un fondo donde se ubicaba el gallinero. En esos comienzos del siglo XX, el barrio de San Jos\u00e9 de Flores mostraba acentuados contrastes sociales: las quintas residenciales, las elegantes casas de veraneo, las mansiones de arquitectura espa\u00f1ola, se alzaban en calles tranquilas, vecinas a la plaza central, llamada General Pueyrred\u00f3n; pero a muy pocas cuadras de all\u00ed, las modestas casas del barrio cubr\u00edan las calles de tierra que se convert\u00edan en andurriales los d\u00edas de lluvia. La infancia de Arlt transcurri\u00f3 entonces como la de cualquier chico pobre de un barrio de Buenos Aires en cuyas calles se confund\u00edan los argentinos y los inmigrantes, y en las escuelas conviv\u00edan los hijos de obreros, empleados, maestros, peque\u00f1os comerciantes o profesionales. Arlt vivi\u00f3 en la casa de M\u00e9ndez de Andes hasta los diecisiete a\u00f1os, cuando, enfrentado con su padre, abandon\u00f3 el hogar: \u201cHubo una \u00e9poca\u201d, escribe Arlt, \u201cen que la vida fue dura para m\u00ed, e hice, sucesivamente, los trabajos de dependiente de librer\u00eda, aprendiz de hojalatero, aprendiz de pintor, mec\u00e1nico y vulcanizador. He dirigido una f\u00e1brica de ladrillos; despu\u00e9s fui, cronol\u00f3gicamente, corredor, director de un periodicucho y trabajador en el puerto\u201d.<\/p>\n","protected":false},"excerpt":{"rendered":"<p>En M\u00e9ndez de Andes 2138 transcurrieron la infancia y adolescencia de Roberto Arlt. All\u00ed se mud\u00f3, hacia 1901 o quiz\u00e1 1902, el matrimonio Arlt con su peque\u00f1o hijo; en 1903 naci\u00f3 Luisa, a quien llamar\u00e1n Lila, y que muere joven, en 1936. Era una t\u00edpica vivienda de barrio, con sala de ventanas que miraban al [&hellip;]<\/p>\n","protected":false},"author":8,"featured_media":0,"comment_status":"closed","ping_status":"closed","sticky":false,"template":"","format":"standard","meta":{"_acf_changed":false,"footnotes":""},"categories":[125],"tags":[],"class_list":["post-11420","post","type-post","status-publish","format-standard","hentry","category-roberto-arlt"],"acf":[],"_links":{"self":[{"href":"https:\/\/citytourliterario.com\/index.php?rest_route=\/wp\/v2\/posts\/11420","targetHints":{"allow":["GET"]}}],"collection":[{"href":"https:\/\/citytourliterario.com\/index.php?rest_route=\/wp\/v2\/posts"}],"about":[{"href":"https:\/\/citytourliterario.com\/index.php?rest_route=\/wp\/v2\/types\/post"}],"author":[{"embeddable":true,"href":"https:\/\/citytourliterario.com\/index.php?rest_route=\/wp\/v2\/users\/8"}],"replies":[{"embeddable":true,"href":"https:\/\/citytourliterario.com\/index.php?rest_route=%2Fwp%2Fv2%2Fcomments&post=11420"}],"version-history":[{"count":0,"href":"https:\/\/citytourliterario.com\/index.php?rest_route=\/wp\/v2\/posts\/11420\/revisions"}],"wp:attachment":[{"href":"https:\/\/citytourliterario.com\/index.php?rest_route=%2Fwp%2Fv2%2Fmedia&parent=11420"}],"wp:term":[{"taxonomy":"category","embeddable":true,"href":"https:\/\/citytourliterario.com\/index.php?rest_route=%2Fwp%2Fv2%2Fcategories&post=11420"},{"taxonomy":"post_tag","embeddable":true,"href":"https:\/\/citytourliterario.com\/index.php?rest_route=%2Fwp%2Fv2%2Ftags&post=11420"}],"curies":[{"name":"wp","href":"https:\/\/api.w.org\/{rel}","templated":true}]}}