{"id":11430,"date":"2016-10-06T20:23:47","date_gmt":"2016-10-06T23:23:47","guid":{"rendered":"http:\/\/www.citytourliterario.com\/?p=11430"},"modified":"2016-10-06T20:23:47","modified_gmt":"2016-10-06T23:23:47","slug":"diario-critica-avenida-de-mayo-1333","status":"publish","type":"post","link":"https:\/\/citytourliterario.com\/?p=11430","title":{"rendered":"Diario Cr\u00edtica. Avenida de Mayo 1333"},"content":{"rendered":"<p>Arlt integr\u00f3 la redacci\u00f3n del diario Cr\u00edtica como cronista de la p\u00e1gina de policiales en 1927: \u201cTrabajaba yo de cronista policial de un diario de la tarde. Era uno de los cuatro encargados de la nota carnicera y truculenta. Crimen, fractura, robo, asalto, violaci\u00f3n, venganza, incendio, estafa y hurto que se comet\u00eda, y all\u00ed estaba yo. Incluso estaba obligado a hacer un drama de un simple e innocuo choque de colectivos. \u00a1A lo que obliga a uno la necesidad del puchero!\u201d. Dirigido por Natalio Botana, fue el diario m\u00e1s popular de las primeras d\u00e9cadas del siglo XX. El edificio, inaugurado en septiembre de 1927, fue dise\u00f1ado por el arquitecto h\u00fangaro Jorge Kalnay. Tiene una superficie cubierta de 4.500 metros cuadrados y se levanta en siete pisos y dos subsuelos, con la entrada principal sobre Avenida de Mayo y una trasera sobre Rivadavia. En el centro de la planta baja hab\u00eda un enorme mostrador de m\u00e1rmol y, borde\u00e1ndolo, la secci\u00f3n de publicidad. En la mitad delantera del primer piso estaba la direcci\u00f3n, donde Botana ten\u00eda su escritorio junto a un dormitorio y un comedor privados; la segunda mitad la ocupaba un sal\u00f3n de actos p\u00fablicos de doscientas butacas. En el segundo piso funcionaba una biblioteca; en el tercero y cuarto, la redacci\u00f3n y las salas de dibujantes; en el quinto, el taller de composici\u00f3n; y el sexto piso estaba ocupado por un restaurante y un gimnasio. En el \u00faltimo piso se levantaba una alta torre con la sirena del diario. Actualmente el edificio pertenece al Estado Nacional; en \u00e9l funciona la Superintendencia de Administraci\u00f3n de la Polic\u00eda Federal Argentina.<\/p>\n","protected":false},"excerpt":{"rendered":"<p>Arlt integr\u00f3 la redacci\u00f3n del diario Cr\u00edtica como cronista de la p\u00e1gina de policiales en 1927: \u201cTrabajaba yo de cronista policial de un diario de la tarde. Era uno de los cuatro encargados de la nota carnicera y truculenta. Crimen, fractura, robo, asalto, violaci\u00f3n, venganza, incendio, estafa y hurto que se comet\u00eda, y all\u00ed estaba [&hellip;]<\/p>\n","protected":false},"author":8,"featured_media":0,"comment_status":"closed","ping_status":"closed","sticky":false,"template":"","format":"standard","meta":{"_acf_changed":false,"footnotes":""},"categories":[125],"tags":[],"class_list":["post-11430","post","type-post","status-publish","format-standard","hentry","category-roberto-arlt"],"acf":[],"_links":{"self":[{"href":"https:\/\/citytourliterario.com\/index.php?rest_route=\/wp\/v2\/posts\/11430","targetHints":{"allow":["GET"]}}],"collection":[{"href":"https:\/\/citytourliterario.com\/index.php?rest_route=\/wp\/v2\/posts"}],"about":[{"href":"https:\/\/citytourliterario.com\/index.php?rest_route=\/wp\/v2\/types\/post"}],"author":[{"embeddable":true,"href":"https:\/\/citytourliterario.com\/index.php?rest_route=\/wp\/v2\/users\/8"}],"replies":[{"embeddable":true,"href":"https:\/\/citytourliterario.com\/index.php?rest_route=%2Fwp%2Fv2%2Fcomments&post=11430"}],"version-history":[{"count":0,"href":"https:\/\/citytourliterario.com\/index.php?rest_route=\/wp\/v2\/posts\/11430\/revisions"}],"wp:attachment":[{"href":"https:\/\/citytourliterario.com\/index.php?rest_route=%2Fwp%2Fv2%2Fmedia&parent=11430"}],"wp:term":[{"taxonomy":"category","embeddable":true,"href":"https:\/\/citytourliterario.com\/index.php?rest_route=%2Fwp%2Fv2%2Fcategories&post=11430"},{"taxonomy":"post_tag","embeddable":true,"href":"https:\/\/citytourliterario.com\/index.php?rest_route=%2Fwp%2Fv2%2Ftags&post=11430"}],"curies":[{"name":"wp","href":"https:\/\/api.w.org\/{rel}","templated":true}]}}