{"id":11448,"date":"2016-10-06T20:31:15","date_gmt":"2016-10-06T23:31:15","guid":{"rendered":"http:\/\/www.citytourliterario.com\/?p=11448"},"modified":"2016-10-06T20:31:15","modified_gmt":"2016-10-06T23:31:15","slug":"plaza-del-congreso","status":"publish","type":"post","link":"https:\/\/citytourliterario.com\/?p=11448","title":{"rendered":"Plaza del Congreso"},"content":{"rendered":"<p>La Plaza del Congreso est\u00e1 delimitada por la Avenida Rivadavia y las calles Entre R\u00edos, Hip\u00f3lito Yrigoyen y Virrey Cevallos. Ocupa un lugar muy importante en las cr\u00f3nicas que Roberto Arlt escribe en septiembre de 1930, durante los d\u00edas posteriores al golpe de Estado que derrocara al presidente Hip\u00f3lito Yrigoyen. El mismo 6 de septiembre, despu\u00e9s de asistir al desfile de los cadetes del Colegio Militar por la Avenida Callao, Arlt es testigo del tiroteo que se produce en la Plaza del Congreso entre militares y militantes del Partido Radical: \u201cInmediatamente dieron all\u00ed orden de cuerpo a tierra y todos nos tiramos al suelo, al tiempo en que los cadetes, frente a nosotros, se arrodillaban. \u00bfDe d\u00f3nde tiraban? No lo s\u00e9. Los primeros estampidos limpiaron la plaza, de la estatua que hay frente al Congreso bajaron corriendo particulares, entraron por Rodr\u00edguez Pe\u00f1a. Y, de pronto al levantar la cabeza vi un caballo, que pertenec\u00eda a una pieza de artiller\u00eda, tirado en la calle a unos metros del refugio que hay en Callao y Rivadavia, hacia el Este. Varios oficiales estaban tras de la pantalla de acero gris de la pieza de campa\u00f1a, pues, era muy liviana. Creo calibre nueve (&#8230;) Hubo un momento en que sent\u00ed tal terror, que trat\u00e9 de taparme la cabeza con la pierna de un sujeto que estaba acostado a mi lado pero \u00a1maldito sea! yo no s\u00e9 si el sujeto estaba desmayado, ten\u00eda calambre o se hab\u00eda muerto del susto, el caso es que cuando le toqu\u00e9 la pierna, estaba fr\u00eda y dura, y notando que era imposible levant\u00e1rsela ni moverla, volv\u00ed suav\u00edsimamente la cabeza y vi que un teniente escabullido tras m\u00edo enca\u00f1onaba con la Malincher un objeto invisible. Pero mi preocupaci\u00f3n eran las balas que llov\u00edan. De pronto observ\u00e9 que lo que rebotaba a nuestros pies no eran balas sino esquirlas de cemento, y entonces me incorpor\u00e9. De los altos de la confiter\u00eda del Molino sal\u00edan peque\u00f1as nubecitas de polvo o humo. No s\u00e9\u201d.<\/p>\n","protected":false},"excerpt":{"rendered":"<p>La Plaza del Congreso est\u00e1 delimitada por la Avenida Rivadavia y las calles Entre R\u00edos, Hip\u00f3lito Yrigoyen y Virrey Cevallos. Ocupa un lugar muy importante en las cr\u00f3nicas que Roberto Arlt escribe en septiembre de 1930, durante los d\u00edas posteriores al golpe de Estado que derrocara al presidente Hip\u00f3lito Yrigoyen. El mismo 6 de septiembre, [&hellip;]<\/p>\n","protected":false},"author":8,"featured_media":0,"comment_status":"closed","ping_status":"closed","sticky":false,"template":"","format":"standard","meta":{"_acf_changed":false,"footnotes":""},"categories":[125],"tags":[],"class_list":["post-11448","post","type-post","status-publish","format-standard","hentry","category-roberto-arlt"],"acf":[],"_links":{"self":[{"href":"https:\/\/citytourliterario.com\/index.php?rest_route=\/wp\/v2\/posts\/11448","targetHints":{"allow":["GET"]}}],"collection":[{"href":"https:\/\/citytourliterario.com\/index.php?rest_route=\/wp\/v2\/posts"}],"about":[{"href":"https:\/\/citytourliterario.com\/index.php?rest_route=\/wp\/v2\/types\/post"}],"author":[{"embeddable":true,"href":"https:\/\/citytourliterario.com\/index.php?rest_route=\/wp\/v2\/users\/8"}],"replies":[{"embeddable":true,"href":"https:\/\/citytourliterario.com\/index.php?rest_route=%2Fwp%2Fv2%2Fcomments&post=11448"}],"version-history":[{"count":0,"href":"https:\/\/citytourliterario.com\/index.php?rest_route=\/wp\/v2\/posts\/11448\/revisions"}],"wp:attachment":[{"href":"https:\/\/citytourliterario.com\/index.php?rest_route=%2Fwp%2Fv2%2Fmedia&parent=11448"}],"wp:term":[{"taxonomy":"category","embeddable":true,"href":"https:\/\/citytourliterario.com\/index.php?rest_route=%2Fwp%2Fv2%2Fcategories&post=11448"},{"taxonomy":"post_tag","embeddable":true,"href":"https:\/\/citytourliterario.com\/index.php?rest_route=%2Fwp%2Fv2%2Ftags&post=11448"}],"curies":[{"name":"wp","href":"https:\/\/api.w.org\/{rel}","templated":true}]}}