{"id":11452,"date":"2016-10-06T20:32:50","date_gmt":"2016-10-06T23:32:50","guid":{"rendered":"http:\/\/www.citytourliterario.com\/?p=11452"},"modified":"2016-10-06T20:32:50","modified_gmt":"2016-10-06T23:32:50","slug":"circulo-de-la-prensa-rodriguez-pena-80","status":"publish","type":"post","link":"https:\/\/citytourliterario.com\/?p=11452","title":{"rendered":"C\u00edrculo de la Prensa. Rodr\u00edguez Pe\u00f1a 80"},"content":{"rendered":"<p>Entre 1933 y los a\u00f1os 90, en el edificio de Rodr\u00edguez Pe\u00f1a 80 funcion\u00f3 el C\u00edrculo de la Prensa. Sus salones fueron sede de numerosas actividades culturales, acad\u00e9micas, art\u00edsticas, y principalmente, fueron el \u00e1mbito de encuentro social e institucional de los periodistas argentinos durante d\u00e9cadas. Tambi\u00e9n en esos salones velaron a Roberto Arlt, el domingo 26 de julio de 1942. El d\u00eda anterior, hab\u00eda ido a votar en las elecciones internas del C\u00edrculo de la Prensa. Era la primera vez que Arlt participaba en una votaci\u00f3n, y sus colegas se sorprendieron al verlo. \u201c\u00c9l nunca anduvo en estas cosas de elecciones\u201d, dijo su amigo Conrado Nal\u00e9 Roxlo. \u201cParecer\u00eda como si hubiese querido despedirse de muchos.\u201d Desde el C\u00edrculo de la Prensa parti\u00f3 el cortejo f\u00fanebre, cuando amigos y familiares acompa\u00f1aron sus restos al Cementerio de la Chacarita, para su cremaci\u00f3n. En el cementerio, el escritor Horacio Rega Molina ley\u00f3 en su homenaje un poema que empezaba diciendo: \u201cSi yo supiera todo lo que sabes\/ lo que desde tu muerte has aprendido\u201d.<\/p>\n","protected":false},"excerpt":{"rendered":"<p>Entre 1933 y los a\u00f1os 90, en el edificio de Rodr\u00edguez Pe\u00f1a 80 funcion\u00f3 el C\u00edrculo de la Prensa. Sus salones fueron sede de numerosas actividades culturales, acad\u00e9micas, art\u00edsticas, y principalmente, fueron el \u00e1mbito de encuentro social e institucional de los periodistas argentinos durante d\u00e9cadas. Tambi\u00e9n en esos salones velaron a Roberto Arlt, el domingo [&hellip;]<\/p>\n","protected":false},"author":8,"featured_media":0,"comment_status":"closed","ping_status":"closed","sticky":false,"template":"","format":"standard","meta":{"_acf_changed":false,"footnotes":""},"categories":[125],"tags":[],"class_list":["post-11452","post","type-post","status-publish","format-standard","hentry","category-roberto-arlt"],"acf":[],"_links":{"self":[{"href":"https:\/\/citytourliterario.com\/index.php?rest_route=\/wp\/v2\/posts\/11452","targetHints":{"allow":["GET"]}}],"collection":[{"href":"https:\/\/citytourliterario.com\/index.php?rest_route=\/wp\/v2\/posts"}],"about":[{"href":"https:\/\/citytourliterario.com\/index.php?rest_route=\/wp\/v2\/types\/post"}],"author":[{"embeddable":true,"href":"https:\/\/citytourliterario.com\/index.php?rest_route=\/wp\/v2\/users\/8"}],"replies":[{"embeddable":true,"href":"https:\/\/citytourliterario.com\/index.php?rest_route=%2Fwp%2Fv2%2Fcomments&post=11452"}],"version-history":[{"count":0,"href":"https:\/\/citytourliterario.com\/index.php?rest_route=\/wp\/v2\/posts\/11452\/revisions"}],"wp:attachment":[{"href":"https:\/\/citytourliterario.com\/index.php?rest_route=%2Fwp%2Fv2%2Fmedia&parent=11452"}],"wp:term":[{"taxonomy":"category","embeddable":true,"href":"https:\/\/citytourliterario.com\/index.php?rest_route=%2Fwp%2Fv2%2Fcategories&post=11452"},{"taxonomy":"post_tag","embeddable":true,"href":"https:\/\/citytourliterario.com\/index.php?rest_route=%2Fwp%2Fv2%2Ftags&post=11452"}],"curies":[{"name":"wp","href":"https:\/\/api.w.org\/{rel}","templated":true}]}}