{"id":11454,"date":"2016-10-06T20:33:51","date_gmt":"2016-10-06T23:33:51","guid":{"rendered":"http:\/\/www.citytourliterario.com\/?p=11454"},"modified":"2016-10-06T20:33:51","modified_gmt":"2016-10-06T23:33:51","slug":"plaza-roberto-arlt","status":"publish","type":"post","link":"https:\/\/citytourliterario.com\/?p=11454","title":{"rendered":"Plaza Roberto Arlt"},"content":{"rendered":"<p>La Plaza Roberto Arlt se encuentra en la esquina de Esmeralda y Avenida Rivadavia. Fue inaugurada en 1971 y, a diferencia de la mayor\u00eda de las plazas de la ciudad de Buenos Aires, no ocupa una manzana entera sino solo una de sus esquinas. Por eso, sus caracter\u00edsticas son \u00fanicas: est\u00e1 rodeada en parte por medianeras, sus bordes tienen varios recovecos, las paredes est\u00e1n cubiertas de colores y murales, varias escaleras suben y bajan. La plaza, donde funciona la Feria Artesanal Roberto Arlt, est\u00e1 rodeada de rejas que se cierran por la noche. Antes, en ese predio se encontraban la Asistencia P\u00fablica (Esmeralda 80), un edificio de departamento donde hab\u00eda vivido el pol\u00edtico dem\u00f3crata progresista Lisandro de la Torre (Esmeralda 22) y la hist\u00f3rica Confiter\u00eda del Gas, demolida en 1964, que ocupaba toda la esquina. Una canci\u00f3n del d\u00fao musical Vivencia le est\u00e1 dedicada: \u201cPlaza Roberto Arlt,\/ un domingo de cada lunes,\/ un minuto en muchas horas\/ y en la vereda de enfrente\/ la rutina que no duerme\/ espera que llegue el viernes.\/\/ Plaza Roberto Arlt,\/ empleados del lugar\/ se desarman en tus faldas\/ buscando un poco de cielo,\/ el dominio sobre el c\u00e9sped\/ que juega, que habla\/ con tus figuras de hierro.\/\/ Plaza Roberto Arlt,\/ a la gente le regalas\/ un silencio en el murmullo,\/ fren\u00e1ndole las nostalgias\/ te conviertes en la almohada\/ de esa l\u00e1grima que pasa\/ por Esmeralda y Rivadavia\u201d.<\/p>\n","protected":false},"excerpt":{"rendered":"<p>La Plaza Roberto Arlt se encuentra en la esquina de Esmeralda y Avenida Rivadavia. Fue inaugurada en 1971 y, a diferencia de la mayor\u00eda de las plazas de la ciudad de Buenos Aires, no ocupa una manzana entera sino solo una de sus esquinas. Por eso, sus caracter\u00edsticas son \u00fanicas: est\u00e1 rodeada en parte por [&hellip;]<\/p>\n","protected":false},"author":8,"featured_media":0,"comment_status":"closed","ping_status":"closed","sticky":false,"template":"","format":"standard","meta":{"_acf_changed":false,"footnotes":""},"categories":[125],"tags":[],"class_list":["post-11454","post","type-post","status-publish","format-standard","hentry","category-roberto-arlt"],"acf":[],"_links":{"self":[{"href":"https:\/\/citytourliterario.com\/index.php?rest_route=\/wp\/v2\/posts\/11454","targetHints":{"allow":["GET"]}}],"collection":[{"href":"https:\/\/citytourliterario.com\/index.php?rest_route=\/wp\/v2\/posts"}],"about":[{"href":"https:\/\/citytourliterario.com\/index.php?rest_route=\/wp\/v2\/types\/post"}],"author":[{"embeddable":true,"href":"https:\/\/citytourliterario.com\/index.php?rest_route=\/wp\/v2\/users\/8"}],"replies":[{"embeddable":true,"href":"https:\/\/citytourliterario.com\/index.php?rest_route=%2Fwp%2Fv2%2Fcomments&post=11454"}],"version-history":[{"count":0,"href":"https:\/\/citytourliterario.com\/index.php?rest_route=\/wp\/v2\/posts\/11454\/revisions"}],"wp:attachment":[{"href":"https:\/\/citytourliterario.com\/index.php?rest_route=%2Fwp%2Fv2%2Fmedia&parent=11454"}],"wp:term":[{"taxonomy":"category","embeddable":true,"href":"https:\/\/citytourliterario.com\/index.php?rest_route=%2Fwp%2Fv2%2Fcategories&post=11454"},{"taxonomy":"post_tag","embeddable":true,"href":"https:\/\/citytourliterario.com\/index.php?rest_route=%2Fwp%2Fv2%2Ftags&post=11454"}],"curies":[{"name":"wp","href":"https:\/\/api.w.org\/{rel}","templated":true}]}}