{"id":11456,"date":"2016-10-06T20:34:56","date_gmt":"2016-10-06T23:34:56","guid":{"rendered":"http:\/\/www.citytourliterario.com\/?p=11456"},"modified":"2016-10-06T20:34:56","modified_gmt":"2016-10-06T23:34:56","slug":"penitenciaria-nacional","status":"publish","type":"post","link":"https:\/\/citytourliterario.com\/?p=11456","title":{"rendered":"Penitenciar\u00eda Nacional"},"content":{"rendered":"<p>La Penitenciar\u00eda Nacional era un monumental edificio ubicado entre Las Heras, Coronel D\u00edaz, Jer\u00f3nimo Salguero y Juncal, en un predio ocupado actualmente por el Parque Las Heras. En uno de sus patios, en la madrugada del domingo 1\u00b0 de febrero de 1931, Roberto Arlt asisti\u00f3, como corresponsal del diario El Mundo, al fusilamiento de Severino Di Giovanni, uno de los anarquistas m\u00e1s importantes del movimiento libertario argentino, por parte del gobierno dictatorial encabezado por el general Jos\u00e9 F\u00e9lix Uriburu. En su inolvidable cr\u00f3nica, titulada \u201cHe visto morir\u201d, Arlt describe con particular destreza, el escenario del penal, el rostro del condenado a muerte, el momento en que lo vio morir al grito de \u201c\u00a1Viva la anarqu\u00eda!\u201d, la imponente serenidad del cad\u00e1ver: \u201cResplandor subit\u00e1neo. Un cuerpo recio se ha convertido en una doblada l\u00e1mina de papel. Las balas rompen la soga. El cuerpo cae de cabeza y queda en el pasto verde con las manos tocando las rodillas. Fogonazo del tiro de gracia. Las balas han escrito la \u00faltima palabra en el cuerpo del reo. El rostro permanece sereno. P\u00e1lido. Los ojos entreabiertos. Un herrero a los pies del cad\u00e1ver. Quita los remaches del grillete y de la barra de hierro. Un m\u00e9dico lo observa. Certifica que el condenado ha muerto\u201d.<\/p>\n","protected":false},"excerpt":{"rendered":"<p>La Penitenciar\u00eda Nacional era un monumental edificio ubicado entre Las Heras, Coronel D\u00edaz, Jer\u00f3nimo Salguero y Juncal, en un predio ocupado actualmente por el Parque Las Heras. En uno de sus patios, en la madrugada del domingo 1\u00b0 de febrero de 1931, Roberto Arlt asisti\u00f3, como corresponsal del diario El Mundo, al fusilamiento de Severino [&hellip;]<\/p>\n","protected":false},"author":8,"featured_media":0,"comment_status":"closed","ping_status":"closed","sticky":false,"template":"","format":"standard","meta":{"_acf_changed":false,"footnotes":""},"categories":[125],"tags":[],"class_list":["post-11456","post","type-post","status-publish","format-standard","hentry","category-roberto-arlt"],"acf":[],"_links":{"self":[{"href":"https:\/\/citytourliterario.com\/index.php?rest_route=\/wp\/v2\/posts\/11456","targetHints":{"allow":["GET"]}}],"collection":[{"href":"https:\/\/citytourliterario.com\/index.php?rest_route=\/wp\/v2\/posts"}],"about":[{"href":"https:\/\/citytourliterario.com\/index.php?rest_route=\/wp\/v2\/types\/post"}],"author":[{"embeddable":true,"href":"https:\/\/citytourliterario.com\/index.php?rest_route=\/wp\/v2\/users\/8"}],"replies":[{"embeddable":true,"href":"https:\/\/citytourliterario.com\/index.php?rest_route=%2Fwp%2Fv2%2Fcomments&post=11456"}],"version-history":[{"count":0,"href":"https:\/\/citytourliterario.com\/index.php?rest_route=\/wp\/v2\/posts\/11456\/revisions"}],"wp:attachment":[{"href":"https:\/\/citytourliterario.com\/index.php?rest_route=%2Fwp%2Fv2%2Fmedia&parent=11456"}],"wp:term":[{"taxonomy":"category","embeddable":true,"href":"https:\/\/citytourliterario.com\/index.php?rest_route=%2Fwp%2Fv2%2Fcategories&post=11456"},{"taxonomy":"post_tag","embeddable":true,"href":"https:\/\/citytourliterario.com\/index.php?rest_route=%2Fwp%2Fv2%2Ftags&post=11456"}],"curies":[{"name":"wp","href":"https:\/\/api.w.org\/{rel}","templated":true}]}}