{"id":11671,"date":"2019-11-01T22:18:31","date_gmt":"2019-11-02T01:18:31","guid":{"rendered":"http:\/\/www.citytourliterario.com\/?p=11671"},"modified":"2020-01-13T15:40:29","modified_gmt":"2020-01-13T18:40:29","slug":"confiteria-del-molino-rivadavia-1815","status":"publish","type":"post","link":"https:\/\/citytourliterario.com\/?p=11671","title":{"rendered":"Confiter\u00eda del Molino. Rivadavia 1815"},"content":{"rendered":"<p>El 14 de junio de 1986, como fue anotado en su diario, Bioy se encontr\u00f3 ac\u00e1 con su hijo Fabi\u00e1n, a quien hasta entonces no hab\u00eda reconocido. Le regal\u00f3 <em>Un experimento con el tiempo<\/em>, de J. W. Dunne. Todo un s\u00edmbolo. Bioy anota que despu\u00e9s de haber visto a su hijo fue a almorzar a La Biela con Francis Korn.<\/p>\n<p>El edificio es uno de los m\u00e1s notables de su \u00e9poca, construido con materiales de mucha calidad: revestimientos de m\u00e1rmol en las columnas, pilastras y paneles del interior suntuosos; obras de arte importadas; puertas, ventanas, m\u00e1rmoles, manijones de bronce; cer\u00e1micas, cristaler\u00eda y m\u00e1s de 1200 metros cuadrados de vitraux. En el frente pueden verse las aspas de un molino de fantas\u00eda, y arriba la c\u00fapula en aguja, que fue cerrada con vitrales Art Nouveau multicolores. Fue inaugurado el 9 de julio de 1916, incendiado parcialmente durante el golpe de estado de 1930, luego remodelado, y cerr\u00f3 sus puertas en 1997. En este momento se est\u00e1 trabajando para su reapertura, sin fecha concreta.<\/p>\n","protected":false},"excerpt":{"rendered":"<p>El 14 de junio de 1986, como fue anotado en su diario, Bioy se encontr\u00f3 ac\u00e1 con su hijo Fabi\u00e1n, a quien hasta entonces no hab\u00eda reconocido. Le regal\u00f3 Un experimento con el tiempo, de J. W. Dunne. Todo un s\u00edmbolo. Bioy anota que despu\u00e9s de haber visto a su hijo fue a almorzar a [&hellip;]<\/p>\n","protected":false},"author":10,"featured_media":0,"comment_status":"closed","ping_status":"closed","sticky":false,"template":"","format":"standard","meta":{"_acf_changed":false,"footnotes":""},"categories":[131,126],"tags":[],"class_list":["post-11671","post","type-post","status-publish","format-standard","hentry","category-adolfo-bioy-casares","category-escritores"],"acf":[],"_links":{"self":[{"href":"https:\/\/citytourliterario.com\/index.php?rest_route=\/wp\/v2\/posts\/11671","targetHints":{"allow":["GET"]}}],"collection":[{"href":"https:\/\/citytourliterario.com\/index.php?rest_route=\/wp\/v2\/posts"}],"about":[{"href":"https:\/\/citytourliterario.com\/index.php?rest_route=\/wp\/v2\/types\/post"}],"author":[{"embeddable":true,"href":"https:\/\/citytourliterario.com\/index.php?rest_route=\/wp\/v2\/users\/10"}],"replies":[{"embeddable":true,"href":"https:\/\/citytourliterario.com\/index.php?rest_route=%2Fwp%2Fv2%2Fcomments&post=11671"}],"version-history":[{"count":0,"href":"https:\/\/citytourliterario.com\/index.php?rest_route=\/wp\/v2\/posts\/11671\/revisions"}],"wp:attachment":[{"href":"https:\/\/citytourliterario.com\/index.php?rest_route=%2Fwp%2Fv2%2Fmedia&parent=11671"}],"wp:term":[{"taxonomy":"category","embeddable":true,"href":"https:\/\/citytourliterario.com\/index.php?rest_route=%2Fwp%2Fv2%2Fcategories&post=11671"},{"taxonomy":"post_tag","embeddable":true,"href":"https:\/\/citytourliterario.com\/index.php?rest_route=%2Fwp%2Fv2%2Ftags&post=11671"}],"curies":[{"name":"wp","href":"https:\/\/api.w.org\/{rel}","templated":true}]}}