{"id":11683,"date":"2019-11-01T22:26:38","date_gmt":"2019-11-02T01:26:38","guid":{"rendered":"http:\/\/www.citytourliterario.com\/?p=11683"},"modified":"2019-11-01T22:26:38","modified_gmt":"2019-11-02T01:26:38","slug":"primera-casa-uruguay-1400","status":"publish","type":"post","link":"https:\/\/citytourliterario.com\/?p=11683","title":{"rendered":"Primera casa. Uruguay 1400"},"content":{"rendered":"<p>El 15 de septiembre de 1914 naci\u00f3 Bioy, en Uruguay 1400, justo en la esquina. En su diario <em>Descanso de caminantes<\/em> consigna que hab\u00eda un mendigo en Barrio Norte, el negro Ra\u00fal, que lo llamaba por su nombre: Adolfito, le dec\u00eda, como despu\u00e9s le dijeron tantos. Adolfito, tal vez y tambi\u00e9n, porque era hijo \u00fanico, aunque su madre siempre le aconsej\u00f3: \u201cNo te creas el centro del mundo\u201d. Adolfito le arrojaba monedas al mendigo que hac\u00eda sus gestos y moner\u00edas para los ni\u00f1os de clase alta (y los padres) que quisieran darle unas monedas.<\/p>\n","protected":false},"excerpt":{"rendered":"<p>El 15 de septiembre de 1914 naci\u00f3 Bioy, en Uruguay 1400, justo en la esquina. En su diario Descanso de caminantes consigna que hab\u00eda un mendigo en Barrio Norte, el negro Ra\u00fal, que lo llamaba por su nombre: Adolfito, le dec\u00eda, como despu\u00e9s le dijeron tantos. Adolfito, tal vez y tambi\u00e9n, porque era hijo \u00fanico, [&hellip;]<\/p>\n","protected":false},"author":10,"featured_media":0,"comment_status":"closed","ping_status":"closed","sticky":false,"template":"","format":"standard","meta":{"_acf_changed":false,"footnotes":""},"categories":[131,126],"tags":[],"class_list":["post-11683","post","type-post","status-publish","format-standard","hentry","category-adolfo-bioy-casares","category-escritores"],"acf":[],"_links":{"self":[{"href":"https:\/\/citytourliterario.com\/index.php?rest_route=\/wp\/v2\/posts\/11683","targetHints":{"allow":["GET"]}}],"collection":[{"href":"https:\/\/citytourliterario.com\/index.php?rest_route=\/wp\/v2\/posts"}],"about":[{"href":"https:\/\/citytourliterario.com\/index.php?rest_route=\/wp\/v2\/types\/post"}],"author":[{"embeddable":true,"href":"https:\/\/citytourliterario.com\/index.php?rest_route=\/wp\/v2\/users\/10"}],"replies":[{"embeddable":true,"href":"https:\/\/citytourliterario.com\/index.php?rest_route=%2Fwp%2Fv2%2Fcomments&post=11683"}],"version-history":[{"count":0,"href":"https:\/\/citytourliterario.com\/index.php?rest_route=\/wp\/v2\/posts\/11683\/revisions"}],"wp:attachment":[{"href":"https:\/\/citytourliterario.com\/index.php?rest_route=%2Fwp%2Fv2%2Fmedia&parent=11683"}],"wp:term":[{"taxonomy":"category","embeddable":true,"href":"https:\/\/citytourliterario.com\/index.php?rest_route=%2Fwp%2Fv2%2Fcategories&post=11683"},{"taxonomy":"post_tag","embeddable":true,"href":"https:\/\/citytourliterario.com\/index.php?rest_route=%2Fwp%2Fv2%2Ftags&post=11683"}],"curies":[{"name":"wp","href":"https:\/\/api.w.org\/{rel}","templated":true}]}}