{"id":11695,"date":"2019-11-01T22:44:27","date_gmt":"2019-11-02T01:44:27","guid":{"rendered":"http:\/\/www.citytourliterario.com\/?p=11695"},"modified":"2019-11-01T22:44:27","modified_gmt":"2019-11-02T01:44:27","slug":"cementerio-de-la-recoleta-junin-1760","status":"publish","type":"post","link":"https:\/\/citytourliterario.com\/?p=11695","title":{"rendered":"Cementerio de la Recoleta. Jun\u00edn 1760"},"content":{"rendered":"<p>Cuando Bioy discut\u00eda la decisi\u00f3n final de Borges de morir en Ginebra, se justificaba en una charla de sobremesa donde Borges mismo dec\u00eda que en verdad daba lo mismo morir en cualquier lado, pero que ya que daba lo mismo, mejor morir en Buenos Aires. Borges, lo quisiera o no, no lo hizo, y muri\u00f3 en Ginebra, donde est\u00e1 enterrado. Bioy s\u00ed. A metros de su casa, finalmente, a metros, tambi\u00e9n, de donde naci\u00f3. Habiendo viajado tanto, con su vida, con su literatura, con su imaginaci\u00f3n, siempre mantuvo h\u00e1bitos sedentarios. Como buen porte\u00f1o, a Bioy le gustaba el tango, pero tal vez nunca se haya dado cuenta que llevaba a cabo parte de su \u00e9tica: jam\u00e1s irse del barrio.<\/p>\n<p>El cementerio (el primero p\u00fablico de Buenos Aires) se inaugur\u00f3 en 1822. Es uno de los atractivos tur\u00edsticos m\u00e1s populares de la ciudad,\u200b con un enorme valor arquitect\u00f3nico y muestra de los tiempos en que Argentina era una potencia econ\u00f3mica emergente, a fines del siglo XIX. El predio, que tiene 4780 b\u00f3vedas distribuidas en 54843 metros cuadrados, guarda los restos de otras figuras p\u00fablicas como\u00a0 Vicente L\u00f3pez y Planes, Manuel Dorrego, Juan Manuel de Rosas, Bartolom\u00e9 Mitre, Domingo Faustino Sarmiento, Nicol\u00e1s Avellaneda, Julio Argentino Roca, Ra\u00fal Alfons\u00edn, Eva Per\u00f3n, Miguel Can\u00e9, Mariquita S\u00e1nchez de Thompson, Carlos Saavedra Lamas, Federico Leloir, Oliverio Girondo, Conrado Nal\u00e9 Roxlo, Ernesto de la C\u00e1rcova, Mart\u00edn Karadagi\u00e1n, Amalia Lacroze de Fortabat, V\u00edctor Sueiro, Eduardo Mallea, Norah Lange, Norah Borges, Victoria y Silvina Ocampo.<\/p>\n","protected":false},"excerpt":{"rendered":"<p>Cuando Bioy discut\u00eda la decisi\u00f3n final de Borges de morir en Ginebra, se justificaba en una charla de sobremesa donde Borges mismo dec\u00eda que en verdad daba lo mismo morir en cualquier lado, pero que ya que daba lo mismo, mejor morir en Buenos Aires. Borges, lo quisiera o no, no lo hizo, y muri\u00f3 [&hellip;]<\/p>\n","protected":false},"author":10,"featured_media":0,"comment_status":"closed","ping_status":"closed","sticky":false,"template":"","format":"standard","meta":{"_acf_changed":false,"footnotes":""},"categories":[131,126],"tags":[],"class_list":["post-11695","post","type-post","status-publish","format-standard","hentry","category-adolfo-bioy-casares","category-escritores"],"acf":[],"_links":{"self":[{"href":"https:\/\/citytourliterario.com\/index.php?rest_route=\/wp\/v2\/posts\/11695","targetHints":{"allow":["GET"]}}],"collection":[{"href":"https:\/\/citytourliterario.com\/index.php?rest_route=\/wp\/v2\/posts"}],"about":[{"href":"https:\/\/citytourliterario.com\/index.php?rest_route=\/wp\/v2\/types\/post"}],"author":[{"embeddable":true,"href":"https:\/\/citytourliterario.com\/index.php?rest_route=\/wp\/v2\/users\/10"}],"replies":[{"embeddable":true,"href":"https:\/\/citytourliterario.com\/index.php?rest_route=%2Fwp%2Fv2%2Fcomments&post=11695"}],"version-history":[{"count":0,"href":"https:\/\/citytourliterario.com\/index.php?rest_route=\/wp\/v2\/posts\/11695\/revisions"}],"wp:attachment":[{"href":"https:\/\/citytourliterario.com\/index.php?rest_route=%2Fwp%2Fv2%2Fmedia&parent=11695"}],"wp:term":[{"taxonomy":"category","embeddable":true,"href":"https:\/\/citytourliterario.com\/index.php?rest_route=%2Fwp%2Fv2%2Fcategories&post=11695"},{"taxonomy":"post_tag","embeddable":true,"href":"https:\/\/citytourliterario.com\/index.php?rest_route=%2Fwp%2Fv2%2Ftags&post=11695"}],"curies":[{"name":"wp","href":"https:\/\/api.w.org\/{rel}","templated":true}]}}