{"id":11699,"date":"2019-11-02T00:01:06","date_gmt":"2019-11-02T03:01:06","guid":{"rendered":"http:\/\/www.citytourliterario.com\/?p=11699"},"modified":"2019-11-02T00:01:06","modified_gmt":"2019-11-02T03:01:06","slug":"scalabrini-ortiz-y-las-heras","status":"publish","type":"post","link":"https:\/\/citytourliterario.com\/?p=11699","title":{"rendered":"Scalabrini Ortiz y Las Heras"},"content":{"rendered":"<p>\u201cLos <em>muchachos<\/em> armaron, como todas las noches, la mesa de truco, en ese caf\u00e9 de Canning frente a la plaza Las Heras\u201d. En esta frase hay muchas cosas, tantas, justamente, como pueden caber en una frase. Por un lado, podr\u00eda decirse que aqu\u00ed comienza la historia de <em>Diario de la guerra del cerdo<\/em>. Los muchachos, justamente, ya no son tan muchachos, no son para nada j\u00f3venes. Y, en cambio, ven desde el caf\u00e9 la primera paliza que le da un grupo de j\u00f3venes a un viejo. <em>La naranja mec\u00e1nica<\/em>, la novela, es de 1962, el <em>Diario de la guerra del cerdo<\/em> de 1969. No es improbable que Bioy leyera la novela de Burguess, donde en el comienzo hay una paliza y asesinato de un viejo. Suele pasar que dos escritores en distintas partes del mundo registren a la vez ciertos fantasmas de \u00e9poca. Los sesenta fueron probablemente la \u00faltima d\u00e9cada donde el mundo fue joven. Justo cuando Bioy, sin ninguna duda, ya dejaba de serlo.<\/p>\n","protected":false},"excerpt":{"rendered":"<p>\u201cLos muchachos armaron, como todas las noches, la mesa de truco, en ese caf\u00e9 de Canning frente a la plaza Las Heras\u201d. En esta frase hay muchas cosas, tantas, justamente, como pueden caber en una frase. Por un lado, podr\u00eda decirse que aqu\u00ed comienza la historia de Diario de la guerra del cerdo. Los muchachos, [&hellip;]<\/p>\n","protected":false},"author":10,"featured_media":0,"comment_status":"closed","ping_status":"closed","sticky":false,"template":"","format":"standard","meta":{"_acf_changed":false,"footnotes":""},"categories":[131,126],"tags":[],"class_list":["post-11699","post","type-post","status-publish","format-standard","hentry","category-adolfo-bioy-casares","category-escritores"],"acf":[],"_links":{"self":[{"href":"https:\/\/citytourliterario.com\/index.php?rest_route=\/wp\/v2\/posts\/11699","targetHints":{"allow":["GET"]}}],"collection":[{"href":"https:\/\/citytourliterario.com\/index.php?rest_route=\/wp\/v2\/posts"}],"about":[{"href":"https:\/\/citytourliterario.com\/index.php?rest_route=\/wp\/v2\/types\/post"}],"author":[{"embeddable":true,"href":"https:\/\/citytourliterario.com\/index.php?rest_route=\/wp\/v2\/users\/10"}],"replies":[{"embeddable":true,"href":"https:\/\/citytourliterario.com\/index.php?rest_route=%2Fwp%2Fv2%2Fcomments&post=11699"}],"version-history":[{"count":0,"href":"https:\/\/citytourliterario.com\/index.php?rest_route=\/wp\/v2\/posts\/11699\/revisions"}],"wp:attachment":[{"href":"https:\/\/citytourliterario.com\/index.php?rest_route=%2Fwp%2Fv2%2Fmedia&parent=11699"}],"wp:term":[{"taxonomy":"category","embeddable":true,"href":"https:\/\/citytourliterario.com\/index.php?rest_route=%2Fwp%2Fv2%2Fcategories&post=11699"},{"taxonomy":"post_tag","embeddable":true,"href":"https:\/\/citytourliterario.com\/index.php?rest_route=%2Fwp%2Fv2%2Ftags&post=11699"}],"curies":[{"name":"wp","href":"https:\/\/api.w.org\/{rel}","templated":true}]}}