{"id":11753,"date":"2019-11-02T00:53:05","date_gmt":"2019-11-02T03:53:05","guid":{"rendered":"http:\/\/www.citytourliterario.com\/?p=11753"},"modified":"2019-11-02T00:53:05","modified_gmt":"2019-11-02T03:53:05","slug":"covadonga-arenales-1900","status":"publish","type":"post","link":"https:\/\/citytourliterario.com\/?p=11753","title":{"rendered":"Covadonga. Arenales 1900"},"content":{"rendered":"<p>\u201cDesde chico repito lo que no entiendo \u2013se re\u00eda retrospectivo y radiante Emilio Renzi esa tarde, en el bar de Arenales y Riobamba\u2013. Nos divierte lo que no conocemos; nos gusta lo que no sabemos para qu\u00e9 sirve\u201d. As\u00ed y ac\u00e1 comienza el primero de los tres tomos de <em>Los diarios de Emilio Renzi<\/em>, el libro del alter ego que Piglia us\u00f3 en muchas de sus ficciones, y que en definitiva era parte de su nombre completo: Ricardo Emilio Piglia Renzi.<\/p>\n<p>El diario fue para \u00e9l un experimento, un memor\u00e1ndum, una obra en permanente construcci\u00f3n desde que empez\u00f3 a escribirlo, a los diecisiete a\u00f1os, y a lo largo de trescientos veintisiete cuadernos. El diario habla de su vida \u00edntima, pero esencialmente es testigo de la historia cultural de un pa\u00eds y sus transformaciones a lo largo de las d\u00e9cadas. Y es, adem\u00e1s, un manifiesto en el que lo que se pone en juego es la figura del narrador. Como escribe en Covadonga: \u201cSu vida se podr\u00eda narrar siguiendo esa secuencia o cualquier otra parecida. Las pel\u00edculas que hab\u00eda visto, con qui\u00e9n estaba, qu\u00e9 hizo al salir del cine; ten\u00eda todo registrado de un modo obsesivo, incomprensible e idiota, en detalladas descripciones fechadas, con su trabajosa letra manuscrita: estaba todo anotado en lo que ahora hab\u00eda decidido llamar sus archivos, las mujeres con las que hab\u00eda vivido o con las que hab\u00eda pasado una noche (o una semana), las clases que hab\u00eda dictado, las llamadas telef\u00f3nicas de larga distancia, notaciones, signos, \u00bfno era incre\u00edble? Sus h\u00e1bitos, sus vicios, sus propias palabras. Nada de vida interior, s\u00f3lo hechos, acciones, lugares, circunstancias que repetidas creaban la ilusi\u00f3n de una vida\u201d.<\/p>\n","protected":false},"excerpt":{"rendered":"<p>\u201cDesde chico repito lo que no entiendo \u2013se re\u00eda retrospectivo y radiante Emilio Renzi esa tarde, en el bar de Arenales y Riobamba\u2013. Nos divierte lo que no conocemos; nos gusta lo que no sabemos para qu\u00e9 sirve\u201d. As\u00ed y ac\u00e1 comienza el primero de los tres tomos de Los diarios de Emilio Renzi, el [&hellip;]<\/p>\n","protected":false},"author":10,"featured_media":0,"comment_status":"closed","ping_status":"closed","sticky":false,"template":"","format":"standard","meta":{"_acf_changed":false,"footnotes":""},"categories":[126,133],"tags":[],"class_list":["post-11753","post","type-post","status-publish","format-standard","hentry","category-escritores","category-ricardo-piglia"],"acf":[],"_links":{"self":[{"href":"https:\/\/citytourliterario.com\/index.php?rest_route=\/wp\/v2\/posts\/11753","targetHints":{"allow":["GET"]}}],"collection":[{"href":"https:\/\/citytourliterario.com\/index.php?rest_route=\/wp\/v2\/posts"}],"about":[{"href":"https:\/\/citytourliterario.com\/index.php?rest_route=\/wp\/v2\/types\/post"}],"author":[{"embeddable":true,"href":"https:\/\/citytourliterario.com\/index.php?rest_route=\/wp\/v2\/users\/10"}],"replies":[{"embeddable":true,"href":"https:\/\/citytourliterario.com\/index.php?rest_route=%2Fwp%2Fv2%2Fcomments&post=11753"}],"version-history":[{"count":0,"href":"https:\/\/citytourliterario.com\/index.php?rest_route=\/wp\/v2\/posts\/11753\/revisions"}],"wp:attachment":[{"href":"https:\/\/citytourliterario.com\/index.php?rest_route=%2Fwp%2Fv2%2Fmedia&parent=11753"}],"wp:term":[{"taxonomy":"category","embeddable":true,"href":"https:\/\/citytourliterario.com\/index.php?rest_route=%2Fwp%2Fv2%2Fcategories&post=11753"},{"taxonomy":"post_tag","embeddable":true,"href":"https:\/\/citytourliterario.com\/index.php?rest_route=%2Fwp%2Fv2%2Ftags&post=11753"}],"curies":[{"name":"wp","href":"https:\/\/api.w.org\/{rel}","templated":true}]}}