{"id":11755,"date":"2019-11-02T00:54:18","date_gmt":"2019-11-02T03:54:18","guid":{"rendered":"http:\/\/www.citytourliterario.com\/?p=11755"},"modified":"2020-01-13T15:54:03","modified_gmt":"2020-01-13T18:54:03","slug":"retiro-2","status":"publish","type":"post","link":"https:\/\/citytourliterario.com\/?p=11755","title":{"rendered":"Retiro"},"content":{"rendered":"<p>Junior se despierta sobresaltado a medianoche, atiende el tel\u00e9fono. Del otro lado de la l\u00ednea habla Julia Gandini, su informante desconocida. Esto es al comienzo de \u201cP\u00e1jaros mec\u00e1nicos\u201d, la tercera parte de <em>La ciudad ausente<\/em>, y es el momento en que deciden citarse en Retiro, en \u201cun puesto de s\u00e1ndwiches, bajo el alero que daba a la Plaza de los Ingleses\u201d. La ciudad de la novela es presente y es dist\u00f3pica, est\u00e1 vac\u00eda e hipervigilada. La guerra por las Malvinas acaba de terminar. \u201cLas patrullas controlaban la ciudad y hab\u00eda que estar muy atento para mantenerse concentrado y seguir los acontecimientos. Los controles eran continuos. La polic\u00eda ten\u00eda siempre la \u00faltima palabra (\u2026). Estaba prohibido buscar informaci\u00f3n clandestina\u201d.<\/p>\n<p>Piglia dice que \u201cel Estado narra. Cuando se ejerce el poder pol\u00edtico se est\u00e1 siempre imponiendo una manera de contar la realidad\u201d. En el puesto de s\u00e1ndwiches, antes de que la chica aparezca, Junior conversa sobre pol\u00edtica, que es entendida como un espejo: \u201cCaras y caras que aparecen y se miran y son sustituidas por otras que aparecen y se miran y se pierden\u201d. Dentro de ese juego de m\u00e1scaras y relatos dirigidos, la m\u00e1quina de ficci\u00f3n ideada por Macedonio Fern\u00e1ndez es un contrarrelato, una sub-versi\u00f3n del relato oficial que dice lo que no se puede decir, y Julia Gandini una de las primeras piezas para encontrarla. Junior y Julia deambulan por Retiro: caminan por la Plaza San Mart\u00edn, comen en el Dor\u00e1 y finalmente pasan la noche en un hotel de la calle Tres Sargentos. Al d\u00eda siguiente, son abordados y separados por la polic\u00eda.<\/p>\n<p>Retiro tambi\u00e9n aparece en <em>Plata quemada<\/em>. Hacia el final del tercer cap\u00edtulo, despu\u00e9s del atraco al cami\u00f3n de caudales con el que empieza la novela, el narrador hace una semblanza de los dos protagonistas: el Gaucho Dorda y el Nene Brignone. En ese punto se recupera una an\u00e9cdota, el Nene cuenta: \u201cMe hac\u00e9s acordar a un tipo que me levant\u00e9 una vez en Retiro, en el ba\u00f1o, te cont\u00e9, Gaucho, era como vos, yo estaba meando, el tipo me rondaba, me miraba el pedazo, me rondaba, entonces yo lo chamuyo y el tipo me muestra un papel que dice <em>Soy sordomudo<\/em>. Pero se la mand\u00e9 a guardar igual. Y me pag\u00f3 una gamba y media. Soplaba, cuando me lo estaba garchando, claro, no pod\u00eda decir nada, pero soltaba el aire, soplaba, gozando. Soy sordomudo \u2013contaba el Nene y se re\u00eda y el Gaucho lo miraba, contento, y se re\u00eda tambi\u00e9n con una risita turbada\u201d.<\/p>\n<p>Retiro es, adem\u00e1s, un punto por el que Piglia pasaba a menudo, caminando con amigos o mujeres, o yendo o volviendo hacia o desde Zona Norte. Y del que anota en su diario, en 1969: \u201cLo mejor es mi conversaci\u00f3n con Walsh sobre Borges y mi posterior e inesperado encuentro con el mismo Borges al bajar del \u00f3mnibus cerca\u00a0de Retiro. Lo veo pasar y lo nombro, \u00e9l se detiene un momento y sonr\u00ede hacia m\u00ed\u201d.<\/p>\n","protected":false},"excerpt":{"rendered":"<p>Junior se despierta sobresaltado a medianoche, atiende el tel\u00e9fono. Del otro lado de la l\u00ednea habla Julia Gandini, su informante desconocida. Esto es al comienzo de \u201cP\u00e1jaros mec\u00e1nicos\u201d, la tercera parte de La ciudad ausente, y es el momento en que deciden citarse en Retiro, en \u201cun puesto de s\u00e1ndwiches, bajo el alero que daba [&hellip;]<\/p>\n","protected":false},"author":10,"featured_media":0,"comment_status":"closed","ping_status":"closed","sticky":false,"template":"","format":"standard","meta":{"_acf_changed":false,"footnotes":""},"categories":[126,133],"tags":[],"class_list":["post-11755","post","type-post","status-publish","format-standard","hentry","category-escritores","category-ricardo-piglia"],"acf":[],"_links":{"self":[{"href":"https:\/\/citytourliterario.com\/index.php?rest_route=\/wp\/v2\/posts\/11755","targetHints":{"allow":["GET"]}}],"collection":[{"href":"https:\/\/citytourliterario.com\/index.php?rest_route=\/wp\/v2\/posts"}],"about":[{"href":"https:\/\/citytourliterario.com\/index.php?rest_route=\/wp\/v2\/types\/post"}],"author":[{"embeddable":true,"href":"https:\/\/citytourliterario.com\/index.php?rest_route=\/wp\/v2\/users\/10"}],"replies":[{"embeddable":true,"href":"https:\/\/citytourliterario.com\/index.php?rest_route=%2Fwp%2Fv2%2Fcomments&post=11755"}],"version-history":[{"count":0,"href":"https:\/\/citytourliterario.com\/index.php?rest_route=\/wp\/v2\/posts\/11755\/revisions"}],"wp:attachment":[{"href":"https:\/\/citytourliterario.com\/index.php?rest_route=%2Fwp%2Fv2%2Fmedia&parent=11755"}],"wp:term":[{"taxonomy":"category","embeddable":true,"href":"https:\/\/citytourliterario.com\/index.php?rest_route=%2Fwp%2Fv2%2Fcategories&post=11755"},{"taxonomy":"post_tag","embeddable":true,"href":"https:\/\/citytourliterario.com\/index.php?rest_route=%2Fwp%2Fv2%2Ftags&post=11755"}],"curies":[{"name":"wp","href":"https:\/\/api.w.org\/{rel}","templated":true}]}}