{"id":11761,"date":"2019-11-02T00:57:18","date_gmt":"2019-11-02T03:57:18","guid":{"rendered":"http:\/\/www.citytourliterario.com\/?p=11761"},"modified":"2019-11-02T00:57:18","modified_gmt":"2019-11-02T03:57:18","slug":"plaza-de-mayo-4","status":"publish","type":"post","link":"https:\/\/citytourliterario.com\/?p=11761","title":{"rendered":"Plaza de Mayo"},"content":{"rendered":"<p>El 1 de mayo de 1974 podemos leer, en <em>Los a\u00f1os felices<\/em>: \u201cActo en Plaza de Mayo bajo la llovizna. Isabel Per\u00f3n tiende a afirmar su conducci\u00f3n personal. Yo paso la ma\u00f1ana revisando las respuestas a la entrevista, dentro de un rato viene Lafforgue a buscarla. En el Obelisco, j\u00f3venes sindicalistas arman l\u00edo\u201d. Poco despu\u00e9s, el 12 de junio, encontramos esto otro: \u201cVoy a la Plaza de Mayo. Per\u00f3n convoca un acto para enfrentar la crisis y las presiones militares. Poca gente\u201d.<\/p>\n<p>La Plaza de Mayo, epicentro de la vida pol\u00edtica argentina, es un espacio que Piglia transita sin demasiado entusiasmo, m\u00e1s bien llevado por la curiosidad. Hay tambi\u00e9n momentos en los que la plaza se convierte casi en un refugio involuntario, cuando el Piglia que encontramos no es el testigo ap\u00e1tico, sino el sujeto conmocionado ante el miedo y la incertidumbre: \u201cRegreso por Callao y en la esquina de Viamonte se amontona la gente, hay varios patrulleros. Alguien, una mujer, dice: \u2018Es en una casa\u2019. Vuelvo atr\u00e1s, doblo por Tucum\u00e1n y en la esquina de Riobamba un soldado desv\u00eda el tr\u00e1fico. Pienso: \u2018Es un allanamiento\u2019. Eran las quince treinta. Me siento en un bar, hablo por tel\u00e9fono a casa. Nadie contesta. Viajo en subte como un muerto, bajo en las estaciones intermedias para hablar otra vez a casa desde un tel\u00e9fono p\u00fablico. Nadie contesta. Espero el pr\u00f3ximo subte, amago subir pero me quedo en el and\u00e9n y as\u00ed verifico que nadie me sigue. Subo al siguiente tren, viajo por la ciudad de un lado a otro. Im\u00e1genes dispersas. Termino en Plaza de Mayo. No s\u00e9 d\u00f3nde pasar la noche. Pienso: \u2018Hemos perdido todo\u2019\u201d. La entrada es del 28 de septiembre de 1976.<\/p>\n","protected":false},"excerpt":{"rendered":"<p>El 1 de mayo de 1974 podemos leer, en Los a\u00f1os felices: \u201cActo en Plaza de Mayo bajo la llovizna. Isabel Per\u00f3n tiende a afirmar su conducci\u00f3n personal. Yo paso la ma\u00f1ana revisando las respuestas a la entrevista, dentro de un rato viene Lafforgue a buscarla. En el Obelisco, j\u00f3venes sindicalistas arman l\u00edo\u201d. Poco despu\u00e9s, [&hellip;]<\/p>\n","protected":false},"author":10,"featured_media":0,"comment_status":"closed","ping_status":"closed","sticky":false,"template":"","format":"standard","meta":{"_acf_changed":false,"footnotes":""},"categories":[126,133],"tags":[],"class_list":["post-11761","post","type-post","status-publish","format-standard","hentry","category-escritores","category-ricardo-piglia"],"acf":[],"_links":{"self":[{"href":"https:\/\/citytourliterario.com\/index.php?rest_route=\/wp\/v2\/posts\/11761","targetHints":{"allow":["GET"]}}],"collection":[{"href":"https:\/\/citytourliterario.com\/index.php?rest_route=\/wp\/v2\/posts"}],"about":[{"href":"https:\/\/citytourliterario.com\/index.php?rest_route=\/wp\/v2\/types\/post"}],"author":[{"embeddable":true,"href":"https:\/\/citytourliterario.com\/index.php?rest_route=\/wp\/v2\/users\/10"}],"replies":[{"embeddable":true,"href":"https:\/\/citytourliterario.com\/index.php?rest_route=%2Fwp%2Fv2%2Fcomments&post=11761"}],"version-history":[{"count":0,"href":"https:\/\/citytourliterario.com\/index.php?rest_route=\/wp\/v2\/posts\/11761\/revisions"}],"wp:attachment":[{"href":"https:\/\/citytourliterario.com\/index.php?rest_route=%2Fwp%2Fv2%2Fmedia&parent=11761"}],"wp:term":[{"taxonomy":"category","embeddable":true,"href":"https:\/\/citytourliterario.com\/index.php?rest_route=%2Fwp%2Fv2%2Fcategories&post=11761"},{"taxonomy":"post_tag","embeddable":true,"href":"https:\/\/citytourliterario.com\/index.php?rest_route=%2Fwp%2Fv2%2Ftags&post=11761"}],"curies":[{"name":"wp","href":"https:\/\/api.w.org\/{rel}","templated":true}]}}