{"id":11767,"date":"2019-11-02T00:59:13","date_gmt":"2019-11-02T03:59:13","guid":{"rendered":"http:\/\/www.citytourliterario.com\/?p=11767"},"modified":"2019-11-02T00:59:13","modified_gmt":"2019-11-02T03:59:13","slug":"galerna-talcahuano-483","status":"publish","type":"post","link":"https:\/\/citytourliterario.com\/?p=11767","title":{"rendered":"Galerna. Talcahuano 483"},"content":{"rendered":"<p>Cuando H\u00e9ctor Schmucler volvi\u00f3 a Argentina, en 1969, despu\u00e9s de estudiar con Roland Barthes en Francia, fund\u00f3 y comenz\u00f3 a dirigir la revista <em>Los libros<\/em>, que ten\u00eda como modelo a <em>La Quinzaine Litt\u00e9raire<\/em> y que se centraba en la rese\u00f1a de libros de literatura, antropolog\u00eda, ling\u00fc\u00edstica, comunicaci\u00f3n, psicoan\u00e1lisis, teor\u00eda marxista y filosof\u00eda. La revista era publicada por la editorial Galerna, de Guillermo Schavelzon. Aunque con algunas irregularidades en la periodicidad, comenz\u00f3 siendo mensual, en formato tabloide, y en los siete a\u00f1os y cuarenta y cuatro n\u00fameros que dur\u00f3 fueron variando los subt\u00edtulos, el formato, la propuesta, la direcci\u00f3n, los colaboradores y los auspiciantes. A partir del n\u00famero 21, en 1971, se retiraron Schavelzon y Galerna, y comenz\u00f3 una etapa de autofinanciamiento. Poco despu\u00e9s se cre\u00f3 un consejo de direcci\u00f3n, al que se sumaron Piglia y Carlos Altamirano, y luego Beatriz Sarlo, Germ\u00e1n Garc\u00eda y Miriam Chorne. Los movimientos continuaron, y Piglia abandon\u00f3 la revista en el n\u00famero 40, en marzo-abril de 1975, debido a las diferentes posiciones que ten\u00edan con respecto a Isabel Per\u00f3n.<\/p>\n<p>Para Piglia, la revista <em>Los Libros<\/em> y Galerna fueron fuente permanente de est\u00edmulos intelectuales, encuentros y desaf\u00edos. Como dijo en una entrevista, \u201cLa idea era que la revista iba a ser \u00fatil porque la iba a comprar mucha gente, porque nosotros nos propon\u00edamos hacer lo que no hacen los diarios, que dejan de lado muchos de los libros que salen. Quer\u00edamos ser exhaustivos, que cualquiera pudiera saber qu\u00e9 se estaba publicando. Yo recuerdo la sensaci\u00f3n de felicidad que ten\u00eda cuando iba a la oficina y estaban todos los libros que se hab\u00edan publicado\u201d.<\/p>\n","protected":false},"excerpt":{"rendered":"<p>Cuando H\u00e9ctor Schmucler volvi\u00f3 a Argentina, en 1969, despu\u00e9s de estudiar con Roland Barthes en Francia, fund\u00f3 y comenz\u00f3 a dirigir la revista Los libros, que ten\u00eda como modelo a La Quinzaine Litt\u00e9raire y que se centraba en la rese\u00f1a de libros de literatura, antropolog\u00eda, ling\u00fc\u00edstica, comunicaci\u00f3n, psicoan\u00e1lisis, teor\u00eda marxista y filosof\u00eda. La revista era [&hellip;]<\/p>\n","protected":false},"author":10,"featured_media":0,"comment_status":"closed","ping_status":"closed","sticky":false,"template":"","format":"standard","meta":{"_acf_changed":false,"footnotes":""},"categories":[126,133],"tags":[],"class_list":["post-11767","post","type-post","status-publish","format-standard","hentry","category-escritores","category-ricardo-piglia"],"acf":[],"_links":{"self":[{"href":"https:\/\/citytourliterario.com\/index.php?rest_route=\/wp\/v2\/posts\/11767","targetHints":{"allow":["GET"]}}],"collection":[{"href":"https:\/\/citytourliterario.com\/index.php?rest_route=\/wp\/v2\/posts"}],"about":[{"href":"https:\/\/citytourliterario.com\/index.php?rest_route=\/wp\/v2\/types\/post"}],"author":[{"embeddable":true,"href":"https:\/\/citytourliterario.com\/index.php?rest_route=\/wp\/v2\/users\/10"}],"replies":[{"embeddable":true,"href":"https:\/\/citytourliterario.com\/index.php?rest_route=%2Fwp%2Fv2%2Fcomments&post=11767"}],"version-history":[{"count":0,"href":"https:\/\/citytourliterario.com\/index.php?rest_route=\/wp\/v2\/posts\/11767\/revisions"}],"wp:attachment":[{"href":"https:\/\/citytourliterario.com\/index.php?rest_route=%2Fwp%2Fv2%2Fmedia&parent=11767"}],"wp:term":[{"taxonomy":"category","embeddable":true,"href":"https:\/\/citytourliterario.com\/index.php?rest_route=%2Fwp%2Fv2%2Fcategories&post=11767"},{"taxonomy":"post_tag","embeddable":true,"href":"https:\/\/citytourliterario.com\/index.php?rest_route=%2Fwp%2Fv2%2Ftags&post=11767"}],"curies":[{"name":"wp","href":"https:\/\/api.w.org\/{rel}","templated":true}]}}