{"id":11769,"date":"2019-11-02T00:59:49","date_gmt":"2019-11-02T03:59:49","guid":{"rendered":"http:\/\/www.citytourliterario.com\/?p=11769"},"modified":"2019-11-02T00:59:49","modified_gmt":"2019-11-02T03:59:49","slug":"la-paz-corrientes-1593","status":"publish","type":"post","link":"https:\/\/citytourliterario.com\/?p=11769","title":{"rendered":"La Paz. Corrientes 1593"},"content":{"rendered":"<p>Probablemente La Paz sea el bar m\u00e1s transitado en los diarios, mencionado no menos de cincuenta veces. Por ejemplo: \u201cSe sent\u00f3 a una mesa del bar La Paz contra la ventana, otra vez un bar y en una mesa que da a la calle, la repetici\u00f3n se hab\u00eda convertido en su marca\u201d,\u00a0 o \u201cSentado en el bar La Paz, como tantas veces, hac\u00eda tiempo ah\u00ed\u201d.<\/p>\n<p>La Paz fue, sin lugar a dudas, uno de los nodos culturales m\u00e1s importantes de Argentina. Ah\u00ed Piglia escribi\u00f3, corrigi\u00f3, edit\u00f3 y ley\u00f3 durante muchas horas, semana a semana, a\u00f1o a a\u00f1o. Ah\u00ed se encontr\u00f3 con parejas, amantes, amigos e intelectuales, con los que manten\u00eda discusiones que duraban hasta muy tarde. Entre las citas que tuvo en este bar est\u00e1n, por nombrar solamente a algunos: Jorge \u00c1lvarez, Beatriz Guido, Miguel Briante, No\u00e9 Jitrik, Carlos Altamirano, Mario Benedetti, H\u00e9ctor Schmucler, Enrique Tandeter, Federico Luppi, H\u00e9ctor Alterio, David e Ismael Vi\u00f1as, Germ\u00e1n Garc\u00eda, Jorge Di Paola, An\u00edbal Ford, Luis Gusm\u00e1n, Haroldo Conti, Beatriz Sarlo, Germ\u00e1n Rozenmacher, Juan Martini, Sylvia Iparraguirre, Oscar Steimberg, Roberto Jacoby y Umberto Eco.<\/p>\n<p>La Paz es, adem\u00e1s, el lugar en el que eligi\u00f3 contar que Cort\u00e1zar elogi\u00f3 su cuento \u201cDesagravio\u201d, en 1964, cuando Piglia era un joven desconocido en el mundo de las letras.<\/p>\n","protected":false},"excerpt":{"rendered":"<p>Probablemente La Paz sea el bar m\u00e1s transitado en los diarios, mencionado no menos de cincuenta veces. Por ejemplo: \u201cSe sent\u00f3 a una mesa del bar La Paz contra la ventana, otra vez un bar y en una mesa que da a la calle, la repetici\u00f3n se hab\u00eda convertido en su marca\u201d,\u00a0 o \u201cSentado en [&hellip;]<\/p>\n","protected":false},"author":10,"featured_media":0,"comment_status":"closed","ping_status":"closed","sticky":false,"template":"","format":"standard","meta":{"_acf_changed":false,"footnotes":""},"categories":[126,133],"tags":[],"class_list":["post-11769","post","type-post","status-publish","format-standard","hentry","category-escritores","category-ricardo-piglia"],"acf":[],"_links":{"self":[{"href":"https:\/\/citytourliterario.com\/index.php?rest_route=\/wp\/v2\/posts\/11769","targetHints":{"allow":["GET"]}}],"collection":[{"href":"https:\/\/citytourliterario.com\/index.php?rest_route=\/wp\/v2\/posts"}],"about":[{"href":"https:\/\/citytourliterario.com\/index.php?rest_route=\/wp\/v2\/types\/post"}],"author":[{"embeddable":true,"href":"https:\/\/citytourliterario.com\/index.php?rest_route=\/wp\/v2\/users\/10"}],"replies":[{"embeddable":true,"href":"https:\/\/citytourliterario.com\/index.php?rest_route=%2Fwp%2Fv2%2Fcomments&post=11769"}],"version-history":[{"count":0,"href":"https:\/\/citytourliterario.com\/index.php?rest_route=\/wp\/v2\/posts\/11769\/revisions"}],"wp:attachment":[{"href":"https:\/\/citytourliterario.com\/index.php?rest_route=%2Fwp%2Fv2%2Fmedia&parent=11769"}],"wp:term":[{"taxonomy":"category","embeddable":true,"href":"https:\/\/citytourliterario.com\/index.php?rest_route=%2Fwp%2Fv2%2Fcategories&post=11769"},{"taxonomy":"post_tag","embeddable":true,"href":"https:\/\/citytourliterario.com\/index.php?rest_route=%2Fwp%2Fv2%2Ftags&post=11769"}],"curies":[{"name":"wp","href":"https:\/\/api.w.org\/{rel}","templated":true}]}}