{"id":11771,"date":"2019-11-02T01:01:11","date_gmt":"2019-11-02T04:01:11","guid":{"rendered":"http:\/\/www.citytourliterario.com\/?p=11771"},"modified":"2019-11-02T01:01:11","modified_gmt":"2019-11-02T04:01:11","slug":"el-ramos-corrientes-1604","status":"publish","type":"post","link":"https:\/\/citytourliterario.com\/?p=11771","title":{"rendered":"El Ramos. Corrientes 1604"},"content":{"rendered":"<p>Si La Paz era el epicentro de los intelectuales, el Ramos era el punto de encuentro de los artistas. Fue fundado en 1929 y cerr\u00f3 hace pocos a\u00f1os. Para Piglia fue un lugar de tr\u00e1nsito permanente, en el que tambi\u00e9n se encontraba para tener reuniones de trabajo, o simplemente con amigos o mujeres.<\/p>\n<p>En <em>Los diarios de Emilio Renzi<\/em> hay una presencia que queda asociada de manera muy estrecha a este lugar, y es la de David Vi\u00f1as. De alg\u00fan modo el Ramos y Vi\u00f1as se constituyen como una posible columna vertebral de los tres tomos, ya que las referencias a ellos muchas veces marcan el ritmo de lo que Piglia va narrando. Vi\u00f1as fue, para Piglia, una figura muy querida y muy problem\u00e1tica, con la que permanentemente se hallaba en un estado de tensi\u00f3n y confrontaci\u00f3n. Sus encuentros sol\u00edan ser en el Ramos, pero tambi\u00e9n se ve\u00edan en la casa de uno u otro, o sal\u00edan a pasear por la ciudad o el conurbano. Las conversaciones que ten\u00edan giraban en torno a la literatura, el peronismo, la revoluci\u00f3n, los intelectuales, el dinero, los medios de comunicaci\u00f3n, las revistas, las editoriales, el lenguaje, las mujeres, el cine y el teatro.<\/p>\n<p>Si en <em>A\u00f1os de formaci\u00f3n<\/em> encontramos unas pocas referencias a Vi\u00f1as (con admiraci\u00f3n, con cautela, con cr\u00edticas), en <em>Los a\u00f1os felices<\/em> vemos c\u00f3mo la amistad va construy\u00e9ndose hasta consolidarse, siempre con sobresaltos y chispazos, y alusiones permanentes a todo lo que a Piglia le molestaba de \u00e9l: las obsesiones, la neurosis, los exabruptos, las auto invitaciones a comer, las quejas por la falta de dinero, la depresi\u00f3n, la euforia, las vacilaciones, la inseguridad, la insistencia, la imposici\u00f3n de sus problemas, la locura. Esa amistad tan intensa tuvo un momento de quiebre muy puntual, cuando Piglia anot\u00f3 lo que Vi\u00f1as le dijo en un momento de enojo: \u201csent\u00ed satisfacci\u00f3n desde el punto de vista competitivo al ver que ten\u00e9s limitaciones, yo en cambio soy omnipotente\u201d. A partir de ah\u00ed las referencias a \u00e9l comenzaron a volverse menos frecuentes, hasta casi desaparecer en <em>Un d\u00eda en la vida<\/em>. Quiz\u00e1s, porque como escribi\u00f3 Piglia, \u201cDavid se me parece demasiado\u201d.<\/p>\n","protected":false},"excerpt":{"rendered":"<p>Si La Paz era el epicentro de los intelectuales, el Ramos era el punto de encuentro de los artistas. Fue fundado en 1929 y cerr\u00f3 hace pocos a\u00f1os. Para Piglia fue un lugar de tr\u00e1nsito permanente, en el que tambi\u00e9n se encontraba para tener reuniones de trabajo, o simplemente con amigos o mujeres. En Los [&hellip;]<\/p>\n","protected":false},"author":10,"featured_media":0,"comment_status":"closed","ping_status":"closed","sticky":false,"template":"","format":"standard","meta":{"_acf_changed":false,"footnotes":""},"categories":[126,133],"tags":[],"class_list":["post-11771","post","type-post","status-publish","format-standard","hentry","category-escritores","category-ricardo-piglia"],"acf":[],"_links":{"self":[{"href":"https:\/\/citytourliterario.com\/index.php?rest_route=\/wp\/v2\/posts\/11771","targetHints":{"allow":["GET"]}}],"collection":[{"href":"https:\/\/citytourliterario.com\/index.php?rest_route=\/wp\/v2\/posts"}],"about":[{"href":"https:\/\/citytourliterario.com\/index.php?rest_route=\/wp\/v2\/types\/post"}],"author":[{"embeddable":true,"href":"https:\/\/citytourliterario.com\/index.php?rest_route=\/wp\/v2\/users\/10"}],"replies":[{"embeddable":true,"href":"https:\/\/citytourliterario.com\/index.php?rest_route=%2Fwp%2Fv2%2Fcomments&post=11771"}],"version-history":[{"count":0,"href":"https:\/\/citytourliterario.com\/index.php?rest_route=\/wp\/v2\/posts\/11771\/revisions"}],"wp:attachment":[{"href":"https:\/\/citytourliterario.com\/index.php?rest_route=%2Fwp%2Fv2%2Fmedia&parent=11771"}],"wp:term":[{"taxonomy":"category","embeddable":true,"href":"https:\/\/citytourliterario.com\/index.php?rest_route=%2Fwp%2Fv2%2Fcategories&post=11771"},{"taxonomy":"post_tag","embeddable":true,"href":"https:\/\/citytourliterario.com\/index.php?rest_route=%2Fwp%2Fv2%2Ftags&post=11771"}],"curies":[{"name":"wp","href":"https:\/\/api.w.org\/{rel}","templated":true}]}}