{"id":11828,"date":"2019-11-02T01:52:01","date_gmt":"2019-11-02T04:52:01","guid":{"rendered":"http:\/\/www.citytourliterario.com\/?p=11828"},"modified":"2019-12-09T09:44:44","modified_gmt":"2019-12-09T12:44:44","slug":"hospital-pirovano-monroe-3555","status":"publish","type":"post","link":"https:\/\/citytourliterario.com\/?p=11828","title":{"rendered":"Hospital Pirovano. Monroe 3555"},"content":{"rendered":"<p>Alejandra estuvo internada all\u00ed en ocasi\u00f3n de sus dos intentos de suicidio, en 1970 y 1971, y a \u00e9l lleg\u00f3 muerta el 25 de septiembre de 1972, tras ingerir cincuenta pastillas de Seconal S\u00f3dico. Acerca de las internaciones, de la primera se sabe muy poco, ya que no hay referencias en su diario, ni sus amigos guardan recuerdos importantes, excepto que a ra\u00edz de ella comenz\u00f3 un tratamiento psicoanal\u00edtico con el doctor Jacinto Armando. De la segunda sabemos que fue muy extensa, pues abarc\u00f3 entre cuatro y cinco meses de 1971, y hay abundantes testimonios en su diario, sus textos y sus cartas, as\u00ed como recuerdos de sus amigos. Sabemos, por ejemplo, que intent\u00f3 matarse primero con pastillas, y despu\u00e9s con gas, y que en los dos casos fracas\u00f3, pero no tenemos la fecha exacta en que se produjeron esas tentativas.<\/p>\n<p>En cuanto a sus condiciones de internaci\u00f3n, como lo cuenta el doctor Marcos Weinstein, director del hospital en ese momento, por esos a\u00f1os se hab\u00eda comenzado a internar a los pacientes psiqui\u00e1tricos en hospitales generales, a fin de no mantenerlos aislados. En el Pirovano los alojaban en una sala com\u00fan \u2013la Sala 18 de Psicopatolog\u00eda, para las mujeres\u2013, y durante el d\u00eda andaban por los pasillos del hospital, asist\u00edan a talleres de terapia ocupacional y recib\u00edan tratamiento psiqui\u00e1trico. Adem\u00e1s, tras un tiempo de internaci\u00f3n, pod\u00edan salir durante el fin de semana para volver a dormir al hospital. Habitualmente recib\u00edan visitas, que en el caso de Alejandra eran muchas porque sus numerosos amigos iban seguido.<\/p>\n<p>Rub\u00e9n Brahin, que comparti\u00f3 con ella parte de la internaci\u00f3n, cuenta que no le permit\u00edan escribir, para que as\u00ed saliera de su mundo imaginario, de manera que solo hac\u00eda peque\u00f1os trabajos de pirograbado que ha guardado, por ejemplo, Antonio L\u00f3pez Crespo.<\/p>\n<p>De su sufrimiento y su certeza de no poder curarse da cuenta su texto \u201cSala de Psicopatolog\u00eda\u201d uno de los m\u00e1s perturbadores que escribi\u00f3.<\/p>\n","protected":false},"excerpt":{"rendered":"<p>Alejandra estuvo internada all\u00ed en ocasi\u00f3n de sus dos intentos de suicidio, en 1970 y 1971, y a \u00e9l lleg\u00f3 muerta el 25 de septiembre de 1972, tras ingerir cincuenta pastillas de Seconal S\u00f3dico. Acerca de las internaciones, de la primera se sabe muy poco, ya que no hay referencias en su diario, ni sus [&hellip;]<\/p>\n","protected":false},"author":10,"featured_media":0,"comment_status":"closed","ping_status":"closed","sticky":false,"template":"","format":"standard","meta":{"_acf_changed":false,"footnotes":""},"categories":[134,126],"tags":[],"class_list":["post-11828","post","type-post","status-publish","format-standard","hentry","category-alejandra-pizarnik","category-escritores"],"acf":[],"_links":{"self":[{"href":"https:\/\/citytourliterario.com\/index.php?rest_route=\/wp\/v2\/posts\/11828","targetHints":{"allow":["GET"]}}],"collection":[{"href":"https:\/\/citytourliterario.com\/index.php?rest_route=\/wp\/v2\/posts"}],"about":[{"href":"https:\/\/citytourliterario.com\/index.php?rest_route=\/wp\/v2\/types\/post"}],"author":[{"embeddable":true,"href":"https:\/\/citytourliterario.com\/index.php?rest_route=\/wp\/v2\/users\/10"}],"replies":[{"embeddable":true,"href":"https:\/\/citytourliterario.com\/index.php?rest_route=%2Fwp%2Fv2%2Fcomments&post=11828"}],"version-history":[{"count":0,"href":"https:\/\/citytourliterario.com\/index.php?rest_route=\/wp\/v2\/posts\/11828\/revisions"}],"wp:attachment":[{"href":"https:\/\/citytourliterario.com\/index.php?rest_route=%2Fwp%2Fv2%2Fmedia&parent=11828"}],"wp:term":[{"taxonomy":"category","embeddable":true,"href":"https:\/\/citytourliterario.com\/index.php?rest_route=%2Fwp%2Fv2%2Fcategories&post=11828"},{"taxonomy":"post_tag","embeddable":true,"href":"https:\/\/citytourliterario.com\/index.php?rest_route=%2Fwp%2Fv2%2Ftags&post=11828"}],"curies":[{"name":"wp","href":"https:\/\/api.w.org\/{rel}","templated":true}]}}