{"id":11838,"date":"2019-11-02T01:56:11","date_gmt":"2019-11-02T04:56:11","guid":{"rendered":"http:\/\/www.citytourliterario.com\/?p=11838"},"modified":"2019-11-02T01:56:11","modified_gmt":"2019-11-02T04:56:11","slug":"la-helvetica-corrientes-502","status":"publish","type":"post","link":"https:\/\/citytourliterario.com\/?p=11838","title":{"rendered":"La Helv\u00e9tica. Corrientes 502"},"content":{"rendered":"<p>Este antiguo caf\u00e9 (1860) es definido por M\u00e9ndez, intelectual de la llamada \u201cizquierda nacional\u201d, personaje secundario de <em>Sobre h\u00e9roes y tumbas<\/em>, como \u201cantro mitrista\u201d. Estaba situado en Corrientes y San Mart\u00edn, a metros de la sede del diario <em>La Naci\u00f3n<\/em> (por entonces en Florida 373) y era\u00a0 muy concurrido por sus periodistas. Seg\u00fan la novela, en la pared hab\u00eda un retrato de Mitre (seguramente el Bartolom\u00e9 Mitre, que fund\u00f3 este tradicional diario argentino en 1870).<\/p>\n<p>El caf\u00e9 tambi\u00e9n fue centro de la pe\u00f1a literaria liderada por el poeta nicarag\u00fcense Rub\u00e9n Dar\u00edo; otros famosos escritores, desde Leopoldo Lugones y Jos\u00e9 Ingenieros, hasta Borges y Mujica L\u00e1inez y el mismo S\u00e1bato, fueron sus parroquianos. En el momento del relato primero se lo describe como \u201c\u2026 un local oscuro, con su alto mostrador de madera y su vieja <em>boiserie. <\/em>Espejos manchados y equ\u00edvocos agrandaban y reiteraban turbiamente el misterio y la melancol\u00eda de aquel rinc\u00f3n sobreviviente\u201d.<\/p>\n<p>Despu\u00e9s del golpe militar de 1955, qued\u00f3 muy deteriorado por el ca\u00f1oneo dirigido contra la Alianza Libertadora Nacionalista (organizaci\u00f3n de extrema derecha cuya sede lindaba con el bar), hasta que finalmente fue demolido. La presencia siempre amenazante de la Alianza es mencionada m\u00e1s de una vez en la novela: \u201cA medida que se acercaban a la esquina de Corrientes y San Mart\u00edn se o\u00edan con mayor violencia los altoparlantes de la Alianza: que se cuidara la oligarqu\u00eda del Barrio Norte, que los jud\u00edos pusieran las barbas en remojo, que los masones dejaran de molestar, que los marxistas terminaran con sus provocaciones\u201d. \u201cLos altoparlantes de la Alianza promet\u00edan incendios y horcas\u201d.<\/p>\n","protected":false},"excerpt":{"rendered":"<p>Este antiguo caf\u00e9 (1860) es definido por M\u00e9ndez, intelectual de la llamada \u201cizquierda nacional\u201d, personaje secundario de Sobre h\u00e9roes y tumbas, como \u201cantro mitrista\u201d. Estaba situado en Corrientes y San Mart\u00edn, a metros de la sede del diario La Naci\u00f3n (por entonces en Florida 373) y era\u00a0 muy concurrido por sus periodistas. Seg\u00fan la novela, [&hellip;]<\/p>\n","protected":false},"author":10,"featured_media":0,"comment_status":"closed","ping_status":"closed","sticky":false,"template":"","format":"standard","meta":{"_acf_changed":false,"footnotes":""},"categories":[135,126],"tags":[],"class_list":["post-11838","post","type-post","status-publish","format-standard","hentry","category-ernesto-sabato","category-escritores"],"acf":[],"_links":{"self":[{"href":"https:\/\/citytourliterario.com\/index.php?rest_route=\/wp\/v2\/posts\/11838","targetHints":{"allow":["GET"]}}],"collection":[{"href":"https:\/\/citytourliterario.com\/index.php?rest_route=\/wp\/v2\/posts"}],"about":[{"href":"https:\/\/citytourliterario.com\/index.php?rest_route=\/wp\/v2\/types\/post"}],"author":[{"embeddable":true,"href":"https:\/\/citytourliterario.com\/index.php?rest_route=\/wp\/v2\/users\/10"}],"replies":[{"embeddable":true,"href":"https:\/\/citytourliterario.com\/index.php?rest_route=%2Fwp%2Fv2%2Fcomments&post=11838"}],"version-history":[{"count":0,"href":"https:\/\/citytourliterario.com\/index.php?rest_route=\/wp\/v2\/posts\/11838\/revisions"}],"wp:attachment":[{"href":"https:\/\/citytourliterario.com\/index.php?rest_route=%2Fwp%2Fv2%2Fmedia&parent=11838"}],"wp:term":[{"taxonomy":"category","embeddable":true,"href":"https:\/\/citytourliterario.com\/index.php?rest_route=%2Fwp%2Fv2%2Fcategories&post=11838"},{"taxonomy":"post_tag","embeddable":true,"href":"https:\/\/citytourliterario.com\/index.php?rest_route=%2Fwp%2Fv2%2Ftags&post=11838"}],"curies":[{"name":"wp","href":"https:\/\/api.w.org\/{rel}","templated":true}]}}