{"id":11854,"date":"2019-11-02T02:00:09","date_gmt":"2019-11-02T05:00:09","guid":{"rendered":"http:\/\/www.citytourliterario.com\/?p=11854"},"modified":"2019-11-02T02:00:09","modified_gmt":"2019-11-02T05:00:09","slug":"museo-historico-nacional-defensa-1600","status":"publish","type":"post","link":"https:\/\/citytourliterario.com\/?p=11854","title":{"rendered":"Museo Hist\u00f3rico Nacional. Defensa 1600"},"content":{"rendered":"<p>En la mansi\u00f3n de los Lezama ubicada sobre la calle Defensa se instal\u00f3 este museo, que fue acondicionado como tal en 1910. Su arquitectura neorrenacentista tiene una torre mirador, una galer\u00eda y cielorrasos artesonados, obra del artista uruguayo Le\u00f3n Palleja.<\/p>\n<p>Conserva, entre muchos otros, objetos personales pertenecientes a los\u00a0 protagonistas pol\u00edticos de las guerras civiles argentinas entre federales y unitarios, que tanta resonancia alcanzar\u00e1n en la novela. Aqu\u00ed se halla el c\u00e9lebre retrato de Manuelita Rosas pintado por Prilidiano Pueyrred\u00f3n en 1851.<\/p>\n<p>Dentro del museo se exhib\u00eda en la \u00e9poca del relato primero de la novela, y desde 2015 se volvi\u00f3 a exhibir el sable corvo de San Mart\u00edn que lo acompa\u00f1\u00f3 durante toda la guerra de la independencia, y que leg\u00f3 a Juan Manuel de Rosas \u201ccomo una prueba de la satisfacci\u00f3n, que como Argentino he tenido al ver la firmeza con que ha sostenido el honor de la Rep\u00fablica contra las injustas pretensiones de los Extranjeros que tratan de humillarla\u201d<em>.<\/em> Se refiere as\u00ed a la en\u00e9rgica defensa de la soberan\u00eda nacional durante el bloqueo anglo-franc\u00e9s (1845-1850). Esta imagen de Rosas como representante de la Confederaci\u00f3n y adalid de la patria se contrapone a la otra que desarrolla la novela, a trav\u00e9s del relato sobre la muerte del comandante Bonifacio Acevedo. La Mazorca (organizaci\u00f3n rosista, con un ala armada) arroja su cabeza por una ventana de la casa familiar, provocando la locura de su hija Escol\u00e1stica, a\u00fan ni\u00f1a. No obstante, Alejandra le dir\u00e1 a Mart\u00edn que tanto ella como Fernando (su padre) son federales.<\/p>\n","protected":false},"excerpt":{"rendered":"<p>En la mansi\u00f3n de los Lezama ubicada sobre la calle Defensa se instal\u00f3 este museo, que fue acondicionado como tal en 1910. Su arquitectura neorrenacentista tiene una torre mirador, una galer\u00eda y cielorrasos artesonados, obra del artista uruguayo Le\u00f3n Palleja. Conserva, entre muchos otros, objetos personales pertenecientes a los\u00a0 protagonistas pol\u00edticos de las guerras civiles [&hellip;]<\/p>\n","protected":false},"author":10,"featured_media":0,"comment_status":"closed","ping_status":"closed","sticky":false,"template":"","format":"standard","meta":{"_acf_changed":false,"footnotes":""},"categories":[135,126],"tags":[],"class_list":["post-11854","post","type-post","status-publish","format-standard","hentry","category-ernesto-sabato","category-escritores"],"acf":[],"_links":{"self":[{"href":"https:\/\/citytourliterario.com\/index.php?rest_route=\/wp\/v2\/posts\/11854","targetHints":{"allow":["GET"]}}],"collection":[{"href":"https:\/\/citytourliterario.com\/index.php?rest_route=\/wp\/v2\/posts"}],"about":[{"href":"https:\/\/citytourliterario.com\/index.php?rest_route=\/wp\/v2\/types\/post"}],"author":[{"embeddable":true,"href":"https:\/\/citytourliterario.com\/index.php?rest_route=\/wp\/v2\/users\/10"}],"replies":[{"embeddable":true,"href":"https:\/\/citytourliterario.com\/index.php?rest_route=%2Fwp%2Fv2%2Fcomments&post=11854"}],"version-history":[{"count":0,"href":"https:\/\/citytourliterario.com\/index.php?rest_route=\/wp\/v2\/posts\/11854\/revisions"}],"wp:attachment":[{"href":"https:\/\/citytourliterario.com\/index.php?rest_route=%2Fwp%2Fv2%2Fmedia&parent=11854"}],"wp:term":[{"taxonomy":"category","embeddable":true,"href":"https:\/\/citytourliterario.com\/index.php?rest_route=%2Fwp%2Fv2%2Fcategories&post=11854"},{"taxonomy":"post_tag","embeddable":true,"href":"https:\/\/citytourliterario.com\/index.php?rest_route=%2Fwp%2Fv2%2Ftags&post=11854"}],"curies":[{"name":"wp","href":"https:\/\/api.w.org\/{rel}","templated":true}]}}