{"id":11872,"date":"2019-11-02T02:04:41","date_gmt":"2019-11-02T05:04:41","guid":{"rendered":"http:\/\/www.citytourliterario.com\/?p=11872"},"modified":"2019-11-02T02:04:41","modified_gmt":"2019-11-02T05:04:41","slug":"la-inmaculada-concepcion-de-belgrano-vuelta-de-obligado-2042","status":"publish","type":"post","link":"https:\/\/citytourliterario.com\/?p=11872","title":{"rendered":"La Inmaculada Concepci\u00f3n de Belgrano. Vuelta de Obligado 2042"},"content":{"rendered":"<p>La parroquia de la Inmaculada se inaugur\u00f3 en 1878, poco antes de que el barrio de Belgrano pasara a ser parte de la Capital Federal en 1880. Su construcci\u00f3n, iniciada en 1865, estuvo a cargo del ingeniero Nicol\u00e1s Canale, su hijo Jos\u00e9 Canale y el arquitecto Juan A. Buschiazzo. Se la conoce popularmente como \u201cla Redonda\u201d por su infrecuente planta circular; su dise\u00f1o, de estilo neocl\u00e1sico italiano, se inspira en el Pante\u00f3n de Roma. En la fachada se alinean diez columnas de fuste liso y capitel corintio. Destaca por sus dimensiones, con 43 metros de altura y una c\u00fapula de 20 metros de di\u00e1metro que disemina una gran luminosidad.<\/p>\n<p>Fernando Vidal Olmos menciona esta iglesia porque hasta all\u00ed es guiado Celestino Iglesias por el emisario de la Secta de los Ciegos que va a\u00a0 buscarlo a su pensi\u00f3n del Once. Pero realidad no entran en ella, sino en una \u201cfila de viejas casas de dos pisos, tangentes al c\u00edrculo de la Iglesia\u201d. Cuando ellos abandonen el lugar, Fernando seguir\u00e1 sus pasos por departamentos abandonados y semiderruidos, hasta internarse en t\u00faneles que parecen ser los de las Cloacas de Buenos Aires, pero que terminan llev\u00e1ndolo a experiencias y encuentros inauditos.<\/p>\n<p>Por otro lado, en la misma noche de la quema de las iglesias, Mart\u00edn camina al azar por las calles de Buenos Aires. Sin saber c\u00f3mo, llega ante la Inmaculada Concepci\u00f3n y ve de pronto ingresar a Alejandra (que avanza como una son\u00e1mbula dirigida por una voluntad superior), en las viejas construcciones adyacentes a la Iglesia. El oscuro v\u00ednculo que la une a Fernando y a los Ciegos alcanza, aqu\u00ed, un punto de ambivalente revelaci\u00f3n para el lector.<\/p>\n","protected":false},"excerpt":{"rendered":"<p>La parroquia de la Inmaculada se inaugur\u00f3 en 1878, poco antes de que el barrio de Belgrano pasara a ser parte de la Capital Federal en 1880. Su construcci\u00f3n, iniciada en 1865, estuvo a cargo del ingeniero Nicol\u00e1s Canale, su hijo Jos\u00e9 Canale y el arquitecto Juan A. Buschiazzo. Se la conoce popularmente como \u201cla [&hellip;]<\/p>\n","protected":false},"author":10,"featured_media":0,"comment_status":"closed","ping_status":"closed","sticky":false,"template":"","format":"standard","meta":{"_acf_changed":false,"footnotes":""},"categories":[135,126],"tags":[],"class_list":["post-11872","post","type-post","status-publish","format-standard","hentry","category-ernesto-sabato","category-escritores"],"acf":[],"_links":{"self":[{"href":"https:\/\/citytourliterario.com\/index.php?rest_route=\/wp\/v2\/posts\/11872","targetHints":{"allow":["GET"]}}],"collection":[{"href":"https:\/\/citytourliterario.com\/index.php?rest_route=\/wp\/v2\/posts"}],"about":[{"href":"https:\/\/citytourliterario.com\/index.php?rest_route=\/wp\/v2\/types\/post"}],"author":[{"embeddable":true,"href":"https:\/\/citytourliterario.com\/index.php?rest_route=\/wp\/v2\/users\/10"}],"replies":[{"embeddable":true,"href":"https:\/\/citytourliterario.com\/index.php?rest_route=%2Fwp%2Fv2%2Fcomments&post=11872"}],"version-history":[{"count":0,"href":"https:\/\/citytourliterario.com\/index.php?rest_route=\/wp\/v2\/posts\/11872\/revisions"}],"wp:attachment":[{"href":"https:\/\/citytourliterario.com\/index.php?rest_route=%2Fwp%2Fv2%2Fmedia&parent=11872"}],"wp:term":[{"taxonomy":"category","embeddable":true,"href":"https:\/\/citytourliterario.com\/index.php?rest_route=%2Fwp%2Fv2%2Fcategories&post=11872"},{"taxonomy":"post_tag","embeddable":true,"href":"https:\/\/citytourliterario.com\/index.php?rest_route=%2Fwp%2Fv2%2Ftags&post=11872"}],"curies":[{"name":"wp","href":"https:\/\/api.w.org\/{rel}","templated":true}]}}